{"id":38930,"date":"2025-02-27T12:20:18","date_gmt":"2025-02-27T12:20:18","guid":{"rendered":"https:\/\/\u200bnew.iter.es\/conference-presentations\/"},"modified":"2025-02-27T12:20:18","modified_gmt":"2025-02-27T12:20:18","slug":"conference-presentations","status":"publish","type":"post","link":"https:\/\/www.iter.es\/en\/conference-presentations\/","title":{"rendered":"Conference presentations"},"content":{"rendered":"<h3>2024<\/h3>\n<h2 class=\"fusion-responsive-typography-calculated\" data-fontsize=\"15\" data-lineheight=\"45px\">Renewable Energy Area<\/h2>\n<h3 class=\"fusion-responsive-typography-calculated\" data-fontsize=\"15\" data-lineheight=\"25.65px\">41st European Photovoltaic Solar Energy Conference and Exhibition, EU PVSEC 2024 \u00b7 Vienna (Austria) \u00b7 23-27 September 2024<\/h3>\n<ul>\n<li>Oca\u00f1a, L; Montes, C; Gonz\u00e1lez-D\u00edaz, B; Gonz\u00e1lez-P\u00e9rez, S; Llarena, E. <strong>Micro Inverted Pyramid Formation in Titanium Dioxide Layer by Pulsed Laser Irradation to Improve Electron Transport in MAPBI3-based Photovoltaic Devices<\/strong>; EU PVSEC 2024; 020123-001 \u2013 020123-005; 3-936338-90-6; DOI: 10.4229\/EUPVSEC2024\/2CV.3.61; URL: <a id=\"menur1ck\" class=\"fui-Link ___1q1shib f2hkw1w f3rmtva f1ewtqcl fyind8e f1k6fduh f1w7gpdv fk6fouc fjoy568 figsok6 f1s184ao f1mk8lai fnbmjn9 f1o700av f13mvf36 f1cmlufx f9n3di6 f1ids18y f1tx3yz7 f1deo86v f1eh06m1 f1iescvh fhgqx19 f1olyrje f1p93eir f1nev41a f1h8hb77 f1lqvz6u f10aw75t fsle3fq f17ae5zn\" title=\"https:\/\/userarea.eupvsec.org\/proceedings\/eu-pvsec-2024\/2cv.3.61\/\" href=\"https:\/\/userarea.eupvsec.org\/proceedings\/EU-PVSEC-2024\/2CV.3.61\/\" target=\"_blank\" rel=\"noreferrer noopener\" aria-label=\"V\u00ednculo https:\/\/userarea.eupvsec.org\/proceedings\/EU-PVSEC-2024\/2CV.3.61\/\">https:\/\/userarea.eupvsec.org\/proceedings\/EU-PVSEC-2024\/2CV.3.61\/<\/a> (MACLAB-PV Project).<\/li>\n<\/ul>\n<h2 class=\"fusion-responsive-typography-calculated\" data-fontsize=\"15\" data-lineheight=\"45px\">Genomics Area<\/h2>\n<p><strong>Joint Respiratory Research Day \u00b7 Leicester (United Kingdom) \u00b7 2 May 2024 <\/strong><\/p>\n<ul data-editing-info=\"{\">\n<li>\n<div class=\"x_elementToProof\">Beatriz Guillen-Guio, Itahisa Marcelino-Rodriguez, Jose Miguel Lorenzo-Salazar, Olivia C Leavy, Richard J Allen, Ericka N. Pompa-Mera, Scourge Cohort Group, Jos\u00e9 A. Riancho, Augusto Rojas-Martinez, Pablo Lapunzina, \u00c1ngel Carracedo, Louise V Wain, Carlos Flores. <b>Investigating genetic links between idiopathic pulmonary fibrosis and severe COVID-19 using polygenic risk scores.<\/b> University of Leicester and Nottingham Joint Respiratory Research Day. 2 May 2024. Leicester, United Kingdom. Poster.    <\/div>\n<\/li>\n<\/ul>\n<p><strong>I CIBER Young Scientific Staff Conference \u00b7 Vigo (Spain) \u00b7 8-10 May 2024<\/strong><\/p>\n<ul>\n<li>Melody Ramirez-Falcon, Eva Suarez-Pajes, Luis A. Rubio-Rodr\u00edguez, Silvia Diz-de Almeida, Silvia Gonzalez-Barbuzano, Eva Tosco-Herrera, Jos\u00e9 M. Lorenzo-Salazar, Raquel Cruz, Jos\u00e9 A. Riancho, Augusto Rojas-Mart\u00ednez, Jes\u00fas Villar, Pablo Lapunzina, \u00c1ngel Carracedo, Carlos Flores. <strong>PLCG2 variation and corticosteroid response in COVID-19 hospitalized European patients: a genome-wide association study<\/strong>. I CIBER Young Scientific Staff Conference \u00b7 Vigo (Spain) \u00b7 8-10 May 2024  <\/li>\n<\/ul>\n<p><strong>XXVII National Congress of the Spanish Society of Infectious Diseases and Clinical Microbiology \u00b7 Zaragoza (Spain) \u00b7 30 May \u2013 1 June 2024<\/strong><\/p>\n<ul>\n<li>Cristian Mateo Le\u00f3n, Adri\u00e1n Mu\u00f1oz-Barrera, Mar\u00eda Reyes S\u00e1nchez Fl\u00f3rez, Rafaela Gonz\u00e1lez-Montelongo, Laura Ciuffreda, Diego Garc\u00eda-Mart\u00ednez de Artola, Helena Gil-Campesino, Julia Alcoba-Florez, Jos\u00e9 M. Lorenzo-Salazar, Carlos Flores. <strong>Paradigm shift in the study of Shigella: from gastrointestinal pathogen to cause of sexually transmitted infection and reservoir of antimicrobial resistance<\/strong>. XXVII National Congress of the Spanish Society of Infectious Diseases and Clinical Microbiology. 30 May &#8211; 1 June, Zaragoza, Spain.  <\/li>\n<li>Diego Garc\u00eda-Mart\u00ednez de Artola, Helena Gil-Campesino, Julia Alcoba-Florez, Mar\u00eda Huertas Garc\u00eda Atienza, Sonia P\u00e9rez Castro, Carlos Davina-N\u00fanez, Adri\u00e1n Mu\u00f1oz-Barrera, Laura Ciuffreda, Rafaela Gonz\u00e1lez-Montelongo, Jos\u00e9 M. Lorenzo-Salazar, Carlos Flores. <strong>Genomic surveillance of Respiratory Syncytial Virus during the 2022-2023 and 2023-2024 seasons, following the introduction of Nirsevimab<\/strong>. XXVII National Congress of the Spanish Society of Infectious Diseases and Clinical Microbiology. 30 May &#8211; 1 June, Zaragoza, Spain.   <\/li>\n<li>Sonia Perez Castro, Carlos Davi\u00f1a N\u00fa\u00f1ez, Ana Fern\u00e1ndez Gonz\u00e1lez, Germ\u00e1n Bou Ar\u00e9valo, Roc\u00edo Trastoy Pena, Mar\u00eda Jos\u00e9 Gude Gonz\u00e1lez, Jose J Costa Alcalde, Alberto Molares Vila, Matilde Trigo Daporta, Pablo Camacho Zamora, Ricardo Arcay Barral, Isabel Paz Vidal, Diego Garc\u00eda-Mart\u00ednez de Artola, Jos\u00e9 M Lorenzo-Salazar, Santiago Mel\u00f3n Garc\u00eda, Olaia P\u00e9rez-Mart\u00ednez, Alberto Malvar Pintos, M Luisa P\u00e9rez-Del Molino. <strong>Circulation of the B.D.E.1 clade of RSV in Galicia during the 2023\/2024 season. Real-time monitoring of nirsevimab resistance mutations <\/strong>XXVII National Congress of the Spanish Society of Infectious Diseases and Clinical Microbiology. 30 May &#8211; 1 June, Zaragoza, Spain.  <\/li>\n<\/ul>\n<p><strong>International Congress of the European Society of Human Genetics \u2013 European Human Genetics Conference 2024 \u00b7 1-4 June 2024<\/strong><\/p>\n<ul data-editing-info=\"{\">\n<li>\n<div class=\"x_elementToProof\">Melody Ramirez-Falcon, Eva Suarez-Pajes, Luis A. Rubio-Rodriguez, Silvia Diz-de Almeida, Silvia Gonzalez-Barbuzano, Eva Tosco-Herrera, Jos\u00e9 M. Lorenzo-Salazar, SCOURGE Cohort Group, Raquel Cruz, Jos\u00e9 A. Riancho, Augusto Rojas-Martinez, Jes\u00fas Villar, Pablo Lapunzina, \u00c1ngel Carracedo, Carlos Flores. <b>A genome-wide association study of corticosteroid response in Europeans hospitalized for COVID-19<\/b>. European Human Genetics Conference 2024, 1-4 June 2024, Berlin, Germany. Poster.  <\/div>\n<\/li>\n<li>\n<div class=\"x_elementToProof\">Eva Suarez-Pajes, Nick Shrine, Eva Tosco-Herrera, Tamara Hernandez-Beeftink, Luis A. Rubio-Rodr\u00edguez, M. Isabel Garc\u00eda-Laorden, Almudena Corrales, Miryam Prieto Gonz\u00e1lez, Aurelio Rodr\u00edguez-P\u00e9rez, Demetrio Carriedo, Jes\u00fas Blanco, Alfonso Ambr\u00f3s, Elena Gonz\u00e1lez Higueras, Elena Espinosa, Arturo Muriel-Bombin, David Dom\u00ednguez, Abelardo Garc\u00eda de Lorenzo, Jose Manuel A\u00f1on, Marina Soro, Jes\u00fas Villar, Martin Tobin, Louise Wain, Carlos Flores, Olivia C. Leavy, Beatriz Guillen-Guio. <b>Inference of causality between the vascular endothelial growth factor and ARDS: a Mendelian randomisation analysis<\/b>. European Human Genetics Conference 2024, 1- 4 June 2024, Berlin, Germany. Poster.  <\/div>\n<\/li>\n<li>\n<div class=\"x_elementToProof\">Silvia Gonzalez-Barbuzano, Eva Suarez-Pajes, M\u00aa del Cristo Rodr\u00edguez P\u00e9rez, Almudena Corrales, Antonio Cabrera de Le\u00f3n, Carlos Flores, Itahisa Marcelino-Rodriguez. <b>A genome-wide association study of mortality in the Canary Islands (Spain)<\/b>. European Human Genetics Conference 2024, 1-4 June 2024, Berlin, Germany. Poster.  <\/div>\n<\/li>\n<\/ul>\n<div class=\"x_elementToProof\"><b data-olk-copy-source=\"MessageBody\">The 60th European Association for the Study of Diabetes Annual Meeting \u00b7 Madrid (Spain) \u00b7 9-13 September 2024<\/b><\/div>\n<div class=\"x_elementToProof\"><\/div>\n<ul>\n<li class=\"x_elementToProof\">Marcelino-Rodriguez I, Nov\u00f3a-Medina Y, Gonz\u00e1lez-Barbuzano S, Molina-Suarez R, Martel-Suarez N, Garc\u00eda-de Pablo I, Pedrianes-Martin P, Guillen-Diaz O, Alberiche-Ruano M, Corrales A, W\u00e4gner AM, Boronat M, Flores C. <strong>Genetic underpinnings of pediatric onset type 1 diabetes in the Canary Islands<\/strong>. The 60th European Association for the Study of Diabetes Annual Meeting, Madrid, Spain, 9-13 September 2024. Oral presentation. https:\/\/accedacris.ulpgc.es\/handle\/10553\/135215   <\/li>\n<\/ul>\n<div>\n<div class=\"x_elementToProof\"><b data-olk-copy-source=\"MessageBody\">26th Annual Conference of the European Society for Clinical Virology (ESCV) \u00b7 Franfurkt Germany \u00b7 18-21 September 2024<\/b><\/div>\n<ul data-editing-info=\"{\">\n<li>\n<div class=\"x_elementToProof\">P\u00e9rez-Castro S, Davi\u00f1a-N\u00fa\u00f1ez C, Fern\u00e1ndez-Gonz\u00e1lez A, Bou G, Trastoy Pena R, Gude Gonz\u00e1lez M J, Costa-Alcalde J J, Molares-Vila A, Trigo Daporta M, Camacho Zamora P, Arcay Barral R, Paz Vidal M I, Garc\u00eda-Mart\u00ednez de Artola D, Lorenzo-Salazar JM, Rodr\u00edguez-Fern\u00e1ndez MD, Santiago P\u00e9rez MI, P\u00e9rez-Mart\u00ednez O, P\u00e9rez del Molino ML. <b>Impact of the RSV passive immunisation campaign in variant circulation<\/b>. 26th ESCV Conference, Franfurkt, Germany, 18-21 September 2024. Poster. <\/div>\n<\/li>\n<\/ul>\n<\/div>\n<div><b data-olk-copy-source=\"MessageBody\">22nd International Colloquium on Lung and Airway Fibrosis (ICLAF) \u00b7 Athens (Greece) \u00b7 12-16 October 2024<\/b><\/div>\n<ul data-editing-info=\"{\">\n<li>\n<div>J\u00e1spez D, Alonso-Gonzalez A, Lorenzo-Salazar JM, Shwu-Fan M, Gonz\u00e1lez-Montelongo R, Mychaleckyj J, Kim JS, Allen R, Wain L V, Martinez F J, Noth I, Flores F. <b>Quality control analysis of whole genome sequencing data from the Pulmonary Fibrosis Foundation registry<\/b>. 22nd International Colloquium on Lung and Airway Fibrosis, 12-16 October 2024, Athens, Greece. Poster  <\/div>\n<\/li>\n<li>\n<div>Alonso-Gonz\u00e1lez A, V\u00e9liz-Flores I, Tosco-Herrera E, Gonz\u00e1lez-Barbuzano S, Mendoza-Alvarez A, Galv\u00e1n-Fern\u00e1ndez H, Sastre L, Fern\u00e1ndez-Vara B, Corrales A, Rubio-Rodr\u00edguez LA, J\u00e1spez D, Lorenzo-Salazar JM, Molina-Molina M, Rodr\u00edguez-de-Castro F, Gonz\u00e1lez-Montelongo R, Flores C. <b>A tiered strategy for genetic testing of familial forms of IPF from the Canary Islands, Spain<\/b>. 22nd International Colloquium on Lung and Airway Fibrosis, 12-16 October 2024, Athens, Greece. Poster.  <\/div>\n<\/li>\n<li>\n<div>Alonso-Gonzalez A, J\u00e1spez D, Lorenzo-Salazar JM, Ma SF, Strickland E, Mychaleckyj J, Kim JS, Huang Y, Adegunsoye A, Oldham JM, Molyneaux PL, Maher T, Wain LV, Allen R, Tobin MD, Kropski J, Yaspan B, Blackwell TS, Zhang D, Garcia CK, Martinez FJ, Noth I, Flores C. <b>Prevalence of rare deleterious variants in the Pulmonary Fibrosis Foundation Registry cases<\/b>. 22nd International Colloquium on Lung and Airway Fibrosis, 12-16 October 2024, Athens, Greece. Poster.  <\/div>\n<\/li>\n<li>\n<div>Alonso-Gonzalez A, J\u00e1spez D, Lorenzo-Salazar JM, Ma SF, Strickland E, Mychaleckyj J, Kim JS, Huang Y, Adegunsoye A, Oldham JM, Molyneaux PL, Maher T, Wain LV, Allen R, Tobin MD, Kropski J, Yaspan B, Blackwell TS, Zhang D, Garcia CK, Martinez FJ, Noth I, Flores C. <b>Association of rare deleterious variants with transplant-free survival of Idiopathic Pulmonary Fibrosis<\/b>. 22nd International Colloquium on Lung and Airway Fibrosis, 12-16 October 2024, Athens, Greece. Poster.  <\/div>\n<\/li>\n<li>\n<div>Hernandez-Beeftink T, Chin D, Donoghue L, Guillen-Guio B, Leavy OC, Cullinan P, Reynolds C, Martinez FJ, Noth I, CleanUP-IPF Investigators of the Pulmonary Trials Cooperative, Booth HL, Fahy WA, Hall IP, Hart SP, Hill MR, Hirani N, Hubbard RB, Maher TM, McAnulty RJ, Millar AB, Molyneaux PL, Navaratnam V, Parfrey H, Saini G, Sayers I, Tobin MD, Whyte MKB, Adegunsoye A, Flores C, Kaminski N, Ma SF, Oldham JM, Strek ME, Zhang Y, Fingerlin TE, Schwartz DA, Molina-Molina M, Stockwell A, Neighbors M, Sheng XR, McCarthy M, Yaspan BL, Jenkins RG, Allen RJ, Wain LV. <b>Insights into the biological mechanisms of signals from a genome-wide association study of susceptibility to Idiopathic Pulmonary Fibrosis using alternative genetic models<\/b>. 22nd International Colloquium on Lung and Airway Fibrosis, 12-16 October 2024, Athens, Greece. Poster.   <\/div>\n<\/li>\n<li>\n<div>Guillen-Guio B, Marcelino-Rodriguez I, Lorenzo-Salazar JM, Leavy OC, Allen RJ, Pompa-Mera EN, Scourge Cohort Group, Riancho JA, Rojas-Martinez A, Lapunzina P, Carracedo A, Wain LV, Flores C. <b>Investigating genetic links between idiopathic pulmonary fibrosis and severe COVID-19 using polygenic risk scores<\/b>. 22nd International Colloquium on Lung and Airway Fibrosis, 12-16 October 2024, Athens, Greece. Poster.  <\/div>\n<\/li>\n<\/ul>\n<div><b>1st Congress of the Spanish Society of Bioinformatics and Computational Biology (SEBiBC) \u00b7 Valencia \u00b7 16-18 October 2024<\/b><\/div>\n<ul data-editing-info=\"{\">\n<li>\n<div>Tosco-Herrera E, Rubio-Rodr\u00edguez LA, Mu\u00f1oz-Barrera A, J\u00e1spez D, Suarez-Pajes E, Corrales A, Alonso-Gonzalez A, Prieto Gonz\u00e1lez M, Rodr\u00edguez-P\u00e9rez A, Carriedo D, Blanco J, Ambr\u00f3s A, Lorente L, Martin MM, Sol\u00e9-Viol\u00e1n J, Rodr\u00edguez-Gallego C, Gonz\u00e1lez Higueras E, Espinosa E, Muriel-Bombin A, Dom\u00ednguez D, Garc\u00eda de Lorenzo A, A\u00f1on JM, Soro M, Lorenzo-Salazar JM, Gonz\u00e1lez-Montelongo R, Villar J, Flores C. <b>Identification of new risk genes in sepsis-induced acute respiratory distress syndrome using a whole exome-based approach<\/b>. 1st Congress of the Spanish Society of Bioinformatics and Computational Biology (SEBiBC), 16-18 October 2024, Valencia, Spain. Poster.  <\/div>\n<\/li>\n<li>\n<div>Rubio-Rodr\u00edguez LA, Mu\u00f1oz-Barrera A, J\u00e1spez D, Lorenzo-Salazar JM, Gonz\u00e1lez-Montelongo R, Flores C. <b>Benchmarking of structural variant calling tools on short-read whole-genome sequencing data<\/b>.<br \/>1st Congress of the Spanish Society of Bioinformatics and Computational Biology (SEBiBC), 16-18 October 2024, Valencia, Spain. Poster.  <\/div>\n<\/li>\n<li>\n<div>Mu\u00f1oz-Barrera A, Rubio-Rodr\u00edguez LA, J\u00e1spez D, Corrales A, Marcelino-Rodriguez I, Lorenzo-Salazar JM, Gonz\u00e1lez-Montelongo R, Flores C. <b>Assessment of bioinformatic tools for de novo assembly of human whole genomes using Nanopore sequencing technologies<\/b>. <br \/>1st Congress of the Spanish Society of Bioinformatics and Computational Biology (SEBiBC), 16-18 October 2024, Valencia, Spain. Poster.  <\/div>\n<\/li>\n<\/ul>\n<p><strong>III International Congress of Youth for Research \u00b7 San Crist\u00f3bal de La Laguna (Tenerife, Spain), 14 \u2013 16 November 2024<\/strong><\/p>\n<ul>\n<li class=\"x_elementToProof\" data-olk-copy-source=\"MessageBody\">G\u00f3mez-Del Rosario A, Mu\u00f1oz-Barrera A, Alcoba-Florez J, Gil-Campesino H, Garc\u00eda-Martinez de Artola D, Gonz\u00e1lez-Montelongo R, Lorenzo-Salazar JM, Flores C, Ciuffreda L. <strong>Respiratory syncytial virus sequencing using nanopore technology<\/strong>. III International Congress of Youth for Research \u00b7 San Crist\u00f3bal de La Laguna (Tenerife, Spain), 14 \u2013 16 November 2024. Oral Presentation.  <\/li>\n<li>J\u00e1spez D, Mu\u00f1oz-Barrera A, Rubio-Rodr\u00edguez LA, Lorenzo-Salazar JM, Gonz\u00e1lez-Montelongo R, Flores C. <b>Assessment of sequencing coverage uniformity in two whole-exome enrichment capture solutions<\/b>. III International Congress of Youth for Research \u00b7 San Crist\u00f3bal de La Laguna (Tenerife, Spain), 14 \u2013 16 November 2024. Oral Presentation.  <\/li>\n<li>Gonzalez-Barbuzano S, Suarez-Pajes E, Rodr\u00edguez P\u00e9rez MC, Corrales A, Cabrera de Le\u00f3n A, Flores C, Marcelino-Rodr\u00edguez I. <b>Genetic study of mortality in the Canarian population<\/b>. III International Congress of Youth for Research, 14-16 November 2024, San Crist\u00f3bal de La Laguna. Oral Presentation.  <\/li>\n<li>Ramirez-Falcon M, Suarez-Pajes E, Rubio-Rodri\u0301guez LA, Diz-de Almeida S, Gonzalez-Barbuzano S, Tosco-Herrera E, Lorenzo-Salazar JM, Cruz R, Riancho JA, Rojas-Martinez A, Villar J, Lapunzina P, Carracedo A, Flores C. <b>Corticosteroid response in COVID-19 hospitalized patients from the SCOURGE consortium: a genome-wide association study<\/b>. III International Congress of Youth for Research \u00b7 San Crist\u00f3bal de La Laguna (Tenerife, Spain), 14 \u2013 16 November 2024. Poster.  <\/li>\n<li>Suarez-Pajes E, Marcelino-Rodriguez I, Hern\u00e1ndez Brito E, Gonzalez-Barbuzano S, Ramirez-Falcon M, Tosco-Herrera E, Rubio-Rodr\u00edguez LA, Briones ML, Rajas O, Border\u00edas L, Ferreres J, Payeras A, Lorente L, Aspa J, Lorenzo Salazar JM, Valencia-Gallardo JM, Carbonell N, Freixinet J, Rodr\u00edguez de Castro F, Sol\u00e9 Viol\u00e1n J, Rodr\u00edguez-Gallego C, Flores C. <b>Determination of the genetic causes in Spanish patients hospitalised with pneumonia.<\/b> III International Congress of Youth for Research, 14-16 November 2024, San Crist\u00f3bal de La Laguna. Oral Presentation.  <\/li>\n<li>Aitana Alonso-Gonzalez, David J\u00e1spez, Jos\u00e9 M. Lorenzo-Salazar, Shwu-Fan Ma, Emma Strickland, Josyf Mychaleckyj John S. Kim, Yong Huang,Ayodeji Adegunsoye, Justin M. Oldham, Philip L. Molyneaux, Toby MaherLouise V Wain, Richard Allen, Jonathan Kropski, Brian Yaspan, Timothy S. Blackwell, David Zhang, Christine Kim Garcia, Fernando J. Martinez, Imre Noth, Carlos Flores. <b>Rare variant is associated with worse transplant-free survival in idiopathic pulmonary fibrosis<\/b>. III International Congress of Youth for Research, 14-16 November 2024, San Crist\u00f3bal de La Laguna. Oral Presentation.  <\/li>\n<li class=\"x_elementToProof\">Tosco-Herrera E, Rubio-Rodr\u00edguez LA, Mu\u00f1oz-Barrera A, J\u00e1spez D, Suarez-Pajes E, Corrales A, Alonso-Gonzalez A, Prieto-Gonz\u00e1lez M, Rodr\u00edguez-P\u00e9rez A, Carriedo D, Blanco J, Ambr\u00f3s A, Lorente L, M. Mart\u00edn M, Sol\u00e9-Viol\u00e1n J, Rodr\u00edguez-Gallego C, Gonz\u00e1lez-Higueras E, Espinosa E, Muriel-Bombin A, Dom\u00ednguez D, Garc\u00eda de Lorenzo A, M. A\u00f1on J, Soro M, Marcelino-Rodriguez I, Lorenzo-Salazar JM, Gonz\u00e1lez-Montelongo R, Villar J, Flores C. <b>Whole-exome-based approach for identification of new risk genes in sepsis-induced acute respiratory distress syndrome<\/b>. III International Congress of Youth for Research, 14-16 November 2024, San Crist\u00f3bal de La Laguna. Oral Presentation.  <\/li>\n<\/ul>\n<p><strong>CIBER 10 Years Advancing Together in Health Congress \u00b7 Valencia (Spain) \u00b7 27-29 November 2024<\/strong><\/p>\n<ul>\n<li>Cruz Guerrero R, Diz-de Almeida S, Riancho JA, Rojas-Mart\u00ednez A, Flores C, Lapunzina P, Carracedo A. SCOURGE Consortium. <b>Analysis of the genetics underlying severe COVID-19 and associated sub-projects<\/b>. CIBER 10 Years Advancing Together in Health Congress, 27-29 November 2024, Valencia, Spain. Oral Presentation.  <\/li>\n<\/ul>\n<p><strong>British Thoracic Society Winter Meeting 2024 \u00b7 London (United Kingdom) \u00b7 27-29 November 2024<\/strong><\/p>\n<ul>\n<li>T Hernandez-Beeftink, D Chin, L Donoghue, B Guillen-Guio, OC Leavy, P Cullinan, C Reynolds, F Martinez, I Noth, HL Booth, WA Fahy, IP Hall, SP Hart, MR Hill, N Hirani, RB Hubbard, TM Maher, RJ McAnulty, AB Millar, PL Molyneaux, V Navaratnam, E Oballa, H Parfrey, G Saini, I Sayers, MD Tobin, MKB Whyte, A Adegunsoye, C Flores, N Kaminski, SF Ma, JM Oldham, ME Strek, Y Zhang, TE Fingerlin, DA Schwartz, M Molina-Molina, A Stockwell, M Neighbors, XR Sheng, M McCarthy, BL Yaspan, RG Jenkins, RJ Allen, LV Wain. <strong> Insights into the biological mechanisms of signals from a genome-wide association study of susceptibility to idiopathic pulmonary fibrosis using alternative genetic models<\/strong>. British Thoracic Society Winter Meeting 2024, 27-29 November 2024, London, United Kingdom. Poster.   <\/li>\n<li>E Suarez-Pajes, N Shrine, E Tosco-Herrera, T Hernandez-Beeftink, LA Rubio-Rodr\u00edguez, MI Garc\u00eda-Laorden, A Corrales, M Prieto Gonz\u00e1lez, A Rodr\u00edguez-P\u00e9rez, D Carriedo, J Blanco, A Ambr\u00f3s, E Gonz\u00e1lez Higueras, E Espinosa, A Muriel-Bombin, D Dom\u00ednguez, A Garc\u00eda de Lorenzo, JM A\u00f1on, M Soro, J Villar, MD Tobin, L Wain, C Flores, OC Leavy, B Guillen-Guio. <strong>Vascular endothelial growth factor and acute respiratory distress syndrome: a Mendelian randomisation study.<\/strong> British Thoracic Society Winter Meeting 2024, 27- 29 November 2024, London, United Kingdom. Poster.  <\/li>\n<\/ul>\n<h3>2023<\/h3>\n<h2 class=\"fusion-responsive-typography-calculated\" data-fontsize=\"15\" data-lineheight=\"45px\">Renewable Energy Area<\/h2>\n<h3 class=\"fusion-responsive-typography-calculated\" data-fontsize=\"15\" data-lineheight=\"25.65px\">40th European Photovoltaic Solar Energy Conference and Exhibition, EU PVSEC 2023 \u00b7 Milan (Italy) \u00b7 26\u201330 September 2023<\/h3>\n<p>Montes, C; Oca\u00f1a, L; Gonz\u00e1lez-D\u00edaz, B; Gonz\u00e1lez-P\u00e9rez, S; Llarena, E. <strong>Review of a Research Carried out to Produce Conductive Inks and Agglomerates that make use of Non-Precious Materials Together with Vehicles Compatible with Thin Layers of Perovskite. <\/strong>EU PVSEC 2023; 020105-001 \u2013 020105-006; ISBN: 3-936338-88-4; DOI: 10.4229\/EUPVSEC2023\/2BV.2.12; URL: <a href=\"https:\/\/userarea.eupvsec.org\/proceedings\/EU-PVSEC-2023\/2BV.2.12\/\">https:\/\/userarea.eupvsec.org\/proceedings\/EU-PVSEC-2023\/2BV.2.12.<\/a>(MACLAB-PV Project). <\/p>\n<p>Oca\u00f1a, L; Montes, O; Gonz\u00e1lez-D\u00edaz, B; Gonz\u00e1lez-P\u00e9rez, S; Llarena, E.<strong> Testing EVA, PMMA and PVDF under UV Irradiation for a New Low Temperature Encapsulation Method for Perovskite Solar Cells<\/strong>; EU PVSEC 2023; 020103-001 \u2013 020103-005; ISBN: 3-936338-88-4; DOI: 10.4229\/EUPVSEC2023\/2BV.2.9; URL: <a href=\"https:\/\/userarea.eupvsec.org\/proceedings\/EU-PVSEC-2023\/2BV.2.9\/\">https:\/\/userarea.eupvsec.org\/proceedings\/EU-PVSEC-2023\/2BV.2.9\/.<\/a>(MACLAB-PV Project).<\/p>\n<h2 class=\"fusion-responsive-typography-calculated\" data-fontsize=\"15\" data-lineheight=\"45px\">Genomics Area<\/h2>\n<h3 class=\"fusion-responsive-typography-calculated\" data-fontsize=\"15\" data-lineheight=\"25.65px\">XXIII Seminar on Population Genetics and Evolution (SGPE XXIII\/2023) \u00b7 Oviedo (Spain) \u00b7 18-20 January 2023<\/h3>\n<p>Adri\u00e1n Mu\u00f1oz-Barrera, V\u00edctor Garc\u00eda-Olivares, Luis A. Rubio-Rodr\u00edguez, David J\u00e1spez, Jos\u00e9 M. Lorenzo-Salazar, Rafaela Gonz\u00e1lez-Montelongo, Carlos Flores. <b>Evaluation of de novo assembly tools for human genomes from third-generation sequencing data.<\/b> XXIII Seminar on Population Genetics and Evolution (SGPE XXIII\/2023). 18-20 January 2023, Oviedo, Spain. Oral Presentation. URL: <a class=\"moz-txt-link-freetext\" href=\"https:\/\/xxiiisgpe.es\/wp-content\/uploads\/2023\/01\/Libro-resumenes-XXIII-SGPE-vfinal_compressed.pdf\">https:\/\/xxiiisgpe.es\/wp-content\/uploads\/2023\/01\/Libro-resumenes-XXIII-SGPE-vfinal_compressed.pdf<\/a>    <\/p>\n<p>David J\u00e1spez, V\u00edctor Garc\u00eda-Olivares, Adri\u00e1n Mu\u00f1oz-Barrera, Luis A. Rubio-Rodr\u00edguez, Ana D\u00edaz-de Usera, Antonio I\u00f1igo-Campos, Krishna R. Veeramah, Santos Alonso, Mark G. Thomas, Jos\u00e9 M. Lorenzo-Salazar, Rafaela Gonz\u00e1lez-Montelongo, Carlos Flores. <b>Comparative evaluation of Y-chromosome haplogroup classification tools from massive sequencing data<\/b>. XXIII Seminar on Population Genetics and Evolution (SGPE XXIII\/2023). 18-20 January 2023, Oviedo, Spain. Oral presentation. URL: <a class=\"moz-txt-link-freetext\" href=\"https:\/\/xxiiisgpe.es\/wp-content\/uploads\/2023\/01\/Libro-resumenes-XXIII-SGPE-vfinal_compressed.pdf\">https:\/\/xxiiisgpe.es\/wp-content\/uploads\/2023\/01\/Libro-resumenes-XXIII-SGPE-vfinal_compressed.pdf<\/a>    <\/p>\n<p>Jos\u00e9 M. Lorenzo-Salazar, Rafaela Gonz\u00e1lez-Montelongo, Adri\u00e1n Mu\u00f1oz-Barrera, Luis A. Rubio-Rodriguez, Ana D\u00edaz-de Usera, V\u00edctor Garc\u00eda Olivares, Antonio I\u00f1igo Campos, Alejandro Mendoza-Alvarez, Beatriz Guillen-Guio, Itahisa Marcelino-Rodr\u00edguez, Almudena Corrales, Gerard Serra-Vidal, David Comas, Carlos Flores. <b>Identification of footprints of natural selection and adaptation in the genome of contemporary Canarians and biomedical implications.<\/b> XXIII Seminar on Population Genetics and Evolution (SGPE XXIII\/2023). 18-20 January 2023, Oviedo, Spain. Oral presentation. URL:<a class=\"moz-txt-link-freetext\" href=\"https:\/\/xxiiisgpe.es\/wp-content\/uploads\/2023\/01\/Libro-resumenes-XXIII-SGPE-vfinal_compressed.pdf\"> https:\/\/xxiiisgpe.es\/wp-content\/uploads\/2023\/01\/Libro-resumenes-XXIII-SGPE-vfinal_compressed.pdf<\/a>    <\/p>\n<p>Luis A. Rubio-Rodr\u00edguez, Ana D\u00edaz-de Usera, Jos\u00e9 M. Lorenzo-Salazar, Adri\u00e1n Mu\u00f1oz-Barrera, Beatriz Guillen-Guio, David J\u00e1spez, V\u00edctor Garc\u00eda-Olivares, Almudena Corrales, Antonio \u00cd\u00f1igo-Campos, Itahisa Marcelino-Rodr\u00edguez, Antonio Cabrera de Le\u00f3n, Rafaela Gonz\u00e1lez-Montelongo, Carlos Flores. <b>Putative signal of positive selection at the 1q21.3 locus in the current human population of the Canary Islands. <\/b>XXIII Seminar on Population Genetics and Evolution (SGPE XXIII\/2023). 18-20 January 2023, Oviedo, Spain. Oral presentation. URL: <a class=\"moz-txt-link-freetext\" href=\"https:\/\/xxiiisgpe.es\/wp-content\/uploads\/2023\/01\/Libro-resumenes-XXIII-SGPE-vfinal_compressed.pdf\">https:\/\/xxiiisgpe.es\/wp-content\/uploads\/2023\/01\/Libro-resumenes-XXIII-SGPE-vfinal_compressed.pdf<\/a>    <\/p>\n<p>Adri\u00e1n Mu\u00f1oz-Barrera, V\u00edctor Garc\u00eda-Olivares, Jos\u00e9 M. Lorenzo-Salazar, Carlos Zaragoza-Trello, Luis A. Rubio-Rodr\u00edguez, Ana D\u00edaz-de Usera, Antonio I\u00f1igo Campos, Rafaela Gonz\u00e1lez-Montelongo, Carlos Flores. <b>Analysis of bioinformatics tools for the classification of human mitochondrial haplogroups from massive sequencing data.<\/b> 1 XXIII Seminar on Population Genetics and Evolution (SGPE XXIII\/2023). 18-20 January 2023, Oviedo, Spain. Oral presentation. URL: <a class=\"moz-txt-link-freetext\" href=\"https:\/\/xxiiisgpe.es\/wp-content\/uploads\/2023\/01\/Libro-resumenes-XXIII-SGPE-vfinal_compressed.pdf\">https:\/\/xxiiisgpe.es\/wp-content\/uploads\/2023\/01\/Libro-resumenes-XXIII-SGPE-vfinal_compressed.pdf<\/a>    <\/p>\n<p>V\u00edctor Garc\u00eda-Olivares, Luis A. Rubio-Rodr\u00edguez, Adri\u00e1n Mu\u00f1oz-Barrera, Ana D\u00edaz-de Usera, David J\u00e1spez, Antonio \u00cd\u00f1igo Campos, Mar\u00eda del Cristo Rodr\u00edguez-P\u00e9rez, Antonio Cabrera de Le\u00f3n, Jos\u00e9 M. Lorenzo-Salazar, Rafaela Gonz\u00e1lez-Montelongo, Vicente M. Cabrera, Carlos Flores. <b>Analysis of admixture strata in current Canarians from complete mitogenome analysis<\/b>. XXIII Seminar on Population Genetics and Evolution (SGPE XXIII\/2023). 18-20 January 2023, Oviedo, Spain. Oral presentation. URL: <a class=\"moz-txt-link-freetext\" href=\"https:\/\/xxiiisgpe.es\/wp-content\/uploads\/2023\/01\/Libro-resumenes-XXIII-SGPE-vfinal_compressed.pdf\">https:\/\/xxiiisgpe.es\/wp-content\/uploads\/2023\/01\/Libro-resumenes-XXIII-SGPE-vfinal_compressed.pdf<\/a>    <\/p>\n<p>Santos Alonso, Oscar Garc\u00eda, Neskuts Izagirre, Alicia Garc\u00eda de Galdeano, Rafaela Gonz\u00e1lez Montelongo, Jose Miguel Lorenzo-Salazar, Carlos Flores, Saioa L\u00f3pez, Krishna R. Veeramah, Garrett Hellenthal, Mark G. Thomas. <b>Population structure and selection analysis in exomic data from Cameroon<\/b>. XXIII Seminar on Population Genetics and Evolution (SGPE XXIII\/2023). 18-20 January 2023, Oviedo, Spain. Oral presentation. URL: <a class=\"moz-txt-link-freetext\" href=\"https:\/\/xxiiisgpe.es\/wp-content\/uploads\/2023\/01\/Libro-resumenes-XXIII-SGPE-vfinal_compressed.pdf\">https:\/\/xxiiisgpe.es\/wp-content\/uploads\/2023\/01\/Libro-resumenes-XXIII-SGPE-vfinal_compressed.pdf<\/a>    <\/p>\n<h3 class=\"fusion-responsive-typography-calculated\" data-fontsize=\"15\" data-lineheight=\"25.65px\">International Multidisciplinary Congress of Doctoral Students (CIMED) \u00b7 22-24 March 2023<\/h3>\n<p>D\u00edaz-de Usera Ana, Rubio-Rodr\u00edguez Luis A., Mu\u00f1oz-Barrera Adri\u00e1n, Rodr\u00edguez-P\u00e9rez H\u00e9ctor, Lorenzo-Salazar Jose M., Guillen-Guio Beatriz, Garc\u00eda-Olivares V\u00edctor, Flores Carlos, Gonz\u00e1lez-Montelongo Rafaela, Marcelino-Rodr\u00edguez Itahisa. <strong>Evaluation of PharmGKB database variants in the current population of the Canary Islands<\/strong>. International Multidisciplinary Congress of Doctoral Students (CIMED), 22-24 March 2023.Poster presentation.  <\/p>\n<p>Mendoza-Alvarez A, Tosco-Herrera E, Mun\u0303oz-Barrera A, Rubio-Rodriguez LA, Marcelino-Rodriguez I, Corrales A, Gonza\u0301lez-Montelongo R, Lorenzo-Salazar JM, Callero A, Flores C. <strong>Closing the gap in the diagnosis of hereditary angioedema in the Canary Islands by exome sequencing.<\/strong> International Multidisciplinary Congress of Doctoral Students (CIMED), 22-24 March 2023. Oral presentation. <\/p>\n<p>Suarez-Pajes E, Hernandez-Beeftink T, Guillen-Guio B, Rubio-Rodr\u00edguez, LA, Marcelino-Rodriguez I, Corrales A, Lorenzo-Salazar JM, Gonz\u00e1lez-Montelongo R, Villar J, Flores C.<strong> Identification of genes involved in acute respiratory distress syndrome by genomic analysis<\/strong>. International Multidisciplinary Congress of Doctoral Students (CIMED), 22-24 March 2023. Oral presentation. <\/p>\n<h3 class=\"fusion-responsive-typography-calculated\" data-fontsize=\"15\" data-lineheight=\"25.65px\">33rd European Congress of Clinical Microbiology and Infectious Diseases \u00b7 15-18 April 2023<\/h3>\n<p>Ciuffreda L, Lorenzo-Salazar JM, Garc\u00eda-Mart\u00ednez de Artola D, Gil-Campesino H, Alcoba-Florez J, Rodr\u00edguez-P\u00e9rez H, \u00cd\u00f1igo-Campos A, Salas-Hern\u00e1ndez J, Rodr\u00edguez-Nu\u00f1ez J, Mu\u00f1oz-Barrera A, Valenzuela-Fern\u00e1ndez A, D\u00edez-Gil O, Gonz\u00e1lez-Montelongo R, Flores C. <strong>Reinfection rate and disease severity of the BA.5 Omicron SARS-CoV-2 lineage compared to previously circulating lineages of concern. <\/strong> 33rd European Congress of Clinical Microbiology and Infectious Diseases, 15-18 April 2023, Copenhague. Poster presentation. <\/p>\n<p>Hernando-Parre\u00f1o N, Gil-Campesino H, Callejas-Castro E, Garc\u00eda-Mart\u00ednez de Artola D, Flores C, Alcoba-Florez J. <strong>Comparison of three different quantitative PCR assays for monkeypox virus detection.<\/strong> 33rd European Congress of Clinical Microbiology and Infectious Diseases, 15-18 April 2023, Copenhague. Poster presentation. <\/p>\n<h3 class=\"fusion-responsive-typography-calculated\" data-fontsize=\"15\" data-lineheight=\"25.65px\">Joint Respiratory Research Day \u00b7 12 May 2023<\/h3>\n<p>Hernandez-Beeftink T, Chin D, Guillen-Guio B, Leavy OC, Cullinan P, Reynolds C, Martinez F, Noth I, CleanUP-IPF Investigators of the Pulmonary Trials Cooperative, Booth HL, Fahy WA, Hall IP, Hart SP, Hill MR, Hirani N, Hubbard RB, Maher TM, McAnulty RJ, Millar AB, Molyneaux PL, Navaratnam V, Oballa E, Parfrey H, Saini G, Sayers I, Tobin MD, Whyte MKB, Adegunsoye A, Flores C, Kaminski N, Ma SF, Oldham JM, Strek ME, Zhang Y, Fingerlin TE, Schwartz DA, Molina-Molina M, Donoghue L, Stockwell A, Neighbors M, Sheng XR, McCarthy M, Yaspan BL, Jenkins RG, Allen RJ, Wain LV. <strong>Alternative genetic models in IPF susceptibility genome-wide association studies to improve power and accuracy<\/strong>. Joint Respiratory Research Day, 12 May, Nottingham, United Kingdom. Poster.   <\/p>\n<p>Chin D, Allen R, Guillen-Guio B, Leavy O, Hernandez-Beeftink T, Cullinan P, Reynolds C, Martinez F, Noth I, CleanUP-IPF Investigators of the Pulmonary Trials Cooperative, Booth H, Fahy W, Hall I, Hart S, Hill M, Hirani N, Hubbard N, Maher T, McAnulty R, Millar A, Molyneaux P, Navaratnam V, Oballa E, Parfrey H, Saini G, Sayers I, Tobin M, Whyte M, Adegunsoye A, Flores C, Kaminski N, Ma S, Oldham J, Strek M, Zhang Y, Fingerlin T, Schwartz D, Molina-Molina M, Donoghue L, Stockwell A, Neighbors M, Sheng R, McCarthy M, Yaspan B, Jenkins G, Wain L. <strong>Improved genomic coverage and sample size for fine mapping and gene discovery for Idiopathic Pulmonary Fibrosis.<\/strong> Joint Respiratory Research Day, 12 May, Nottingham, United Kingdom. Oral Presentation.  <\/p>\n<h3 class=\"fusion-responsive-typography-calculated\" data-fontsize=\"15\" data-lineheight=\"25.65px\">44th Congress of the Spanish Society of Immunology &#8211; 10 &#8211; 13 May 2023<\/h3>\n<p>D\u00edaz-Pe\u00f1a R, Lapunzina P, Flores C, Rojas A, Riancho JA, SCOURGE Cohort Group, Carracedo A. <b>Contribution of HLA class I and II alleles to susceptibility and severity of COVID-19 in the Spanish population<\/b>. 44th Congress of the Spanish Society of Immunology, 10-13 May 2023, Bilbao. Oral Presentation.   <\/p>\n<h3 class=\"fusion-responsive-typography-calculated\" data-fontsize=\"15\" data-lineheight=\"25.65px\">XXVI Congress of the Spanish Society of Infectious Diseases and Clinical Microbiology &#8211; 1-3 June 2023<\/h3>\n<p>Rodr\u00edguez-P\u00e9rez H, Ciuffreda L, Hern\u00e1ndez-Beeftink T, Guillen-Guio B, Dom\u00ednguez D, Corrales A, \u00cd\u00f1igo-Campos A, Espinosa E, Alcoba-Florez J, Lorenzo-Salazar JM, Gonz\u00e1lez-Montelongo R, Villar J, Flores C. <b>Metagenomic approach to assess the relationship between the presence of antibiotic resistant bacteria and mortality in patients with sepsis.<\/b> XXVI Congress of the Spanish Society of Infectious Diseases and Clinical Microbiology, 1-3 June 2023, Santiago de Compostela. Poster.   <\/p>\n<p>Ciuffreda L, Lorenzo-Salazar JM, Garc\u00eda-Mart\u00ednez de Artola D, Gil-Campesino H, Alcoba-Florez J, Rodr\u00edguez-P\u00e9rez H, \u00cd\u00f1igo-Campos A, Salas-Hern\u00e1ndez J, Rodr\u00edguez-Nu\u00f1ez J, Mu\u00f1oz-Barrera A, Valenzuela-Fern\u00e1ndez A, D\u00edez-Gil O, Gonz\u00e1lez-Montelongo R, Flores C. <b>Evaluation of the reinfection rate and severity of SARS-CoV-2 coronavirus disease associated with the Omicron BA.5 variant of concern in the Canary Islands (Spain).<\/b> XXVI Congress of the Spanish Society of Infectious Diseases and Clinical Microbiology, 1-3 June 2023, Santiago de Compostela. Poster.  <\/p>\n<p>Mu\u00f1oz-Barrera A, Ciuffreda L, Alcoba-Florez J, Rubio-Rodr\u00edguez LA, Rodr\u00edguez-P\u00e9rez H, Gil-Campesino H, Garc\u00eda-Mart\u00ednez de Artola D, Salas-Hern\u00e1ndez J, Rodr\u00edguez-N\u00fa\u00f1ez J, \u00cd\u00f1igo-Campos A, Garc\u00eda-Olivares V, D\u00edez-Gil O, Gonz\u00e1lez-Montelongo R, Valenzuela-Fern\u00e1ndez A, Lorenzo-Salazar JM, Flores C. <b>Bioinformatics approaches to characterise the viral genomes of Monkeypox cases detected in the Canary Islands, May 2022.<\/b> XXVI Congress of the Spanish Society of Infectious Diseases and Clinical Microbiology, 1-3 June 2023, Santiago de Compostela. Oral Presentation.  <\/p>\n<h3 class=\"fusion-responsive-typography-calculated\" data-fontsize=\"15\" data-lineheight=\"25.65px\">56th Congress of the Spanish Society of Pneumology and Thoracic Surgery (SEPAR) &#8211; 8-10 June 2023<\/h3>\n<p><b>Disfunci\u00f3n telerom\u00e9rica y mutaci\u00f3n en el gen PARN como mecanismo de anticipaci\u00f3n gen\u00e9tica.<\/b> Ibrahim V\u00e9liz Flores, Helena Galv\u00e1n Fern\u00e1ndez, Felipe Rodr\u00edguez de Castro, Aitana Alonso Gonz\u00e1lez, Eva Tosco Herrera, Beatriz Fern\u00e1ndez Varas, Leandro Sastre, Antonio \u00cd\u00f1igo-Campos, Almudena Corrales, Luis A. Rubio-Rodr\u00edguez, Alejandro Mendoza-\u00c1lvarez, Jos\u00e9 M. Lorenzo, Salazar, Rafaela Gonz\u00e1lez-Montelongo, Carlos Flores. 56th Congress of the Spanish Society of Pneumology and Thoracic Surgery (SEPAR). 8-10 June 2023, Granada, Spain. Poster.   <\/p>\n<p><b>Familial pulmonary fibrosis with early multisystem involvement associated with a novel mutation in the NAF1 gene<\/b>. Ibrahim V\u00e9liz Flores, Helena Galv\u00e1n Fern\u00e1ndez, Felipe Rodr\u00edguez de Castro, Aitana Alonso Gonz\u00e1lez, Eva Tosco Herrera, Beatriz Fern\u00e1ndez Varas, Leandro Sastre, Antonio \u00cd\u00f1igo-Campos, Almudena Corrales, Luis A. Rubio-Rodr\u00edguez, Alejandro Mendoza-\u00c1lvarez, Jos\u00e9 M. Lorenzo-Salazar, Rafaela Gonz\u00e1lez-Montelongo, Carlos Flores. 56th Congress of the Spanish Society of Pneumology and Thoracic Surgery (SEPAR). 8-10 June 2023, Granada, Spain.  <\/p>\n<h3 class=\"fusion-responsive-typography-calculated\" data-fontsize=\"15\" data-lineheight=\"25.65px\">International Congress of the European Society of Human Genetics &#8211; European Human Genetics Conference 2023 &#8211; 10-13 June 2023<\/h3>\n<p>Aitana Alonso-Gonzalez, Beatriz Guillen-Guio, Almudena Corrales, Antonio \u00cd\u00f1igo-Campos, Luis A. Rubio-Rodr\u00edguez, Amaia Urrutia, Myriam Aburto, Jose Miguel Lorenzo-Salazar, Rafaela Gonz\u00e1lez-Montelongo, Carlos Flores. <b>Prevalence of rare deleterious variants in idiopathic pulmonary fibrosis patients in a Spanish cohort. <\/b>European Human Genetics Conference 2023, 10-13 June 2023, Glasgow, Scotland, England. Poster.  <\/p>\n<p>Ana D\u00edaz-de Usera, Luis A. Rubio-Rodr\u00edguez, Adri\u00e1n Mu\u00f1oz-Barrera, H\u00e9ctor Rodr\u00edguez-P\u00e9rez, Jose M. Lorenzo-Salazar, Beatriz Guillen-Guio, V\u00edctor Garc\u00eda-Olivares, Almudena Corrales, Antonio \u00cd\u00f1igo-Campos, Carlos Flores, Rafaela Gonz\u00e1lez-Montelongo, Itahisa Marcelino-Rodr\u00edguez. <b>Pharmacogenomics in the Canary Islands population: a comparison of assessment by different technologies. <\/b>European Human Genetics Conference 2023, 10-13 June 2023, Glasgow, Scotland, England. Poster.  <\/p>\n<p>Ana D\u00edaz-de Usera, Jose M. Lorenzo-Salazar, Almudena Corrales, Eva P\u00e9rez-Rodr\u00edguez, Ariel Callero, Jos\u00e9 Carlos Garc\u00eda-Robaina, Jos\u00e9 A. Cumplido-Bonny, Teresa Carrillo, Carlos Flores, Rafaela Gonz\u00e1lez-Montelongo, Itahisa Marcelino-Rodr\u00edguez. <b>Severity and poor response to medical treatment in asthma patients (Canary Islands, Spain). <\/b>European Human Genetics Conference 2023, 10-13 June 2023, Glasgow, Scotland, England. Poster.  <\/p>\n<p>David J\u00e1spez, Adri\u00e1n Mu\u00f1oz-Barrera, Luis A. Rubio-Rodr\u00edguez, V\u00edctor Garc\u00eda-Olivares, Ana D\u00edaz-de Usera, Antonio I\u00f1igo-Campos, Carlos Flores, Jos\u00e9 M. Lorenzo-Salazar, Rafaela Gonz\u00e1lez-Montelongo. <b>Assessment of sequencing coverage uniformity for two whole-exome enrichment capture solutions. <\/b>European Human Genetics Conference 2023, 10-13 June 2023, Glasgow, Scotland, England. Poster.  <\/p>\n<p>V\u00edctor Garc\u00eda-Olivares, Adri\u00e1n Mu\u00f1oz-Barrera, Luis A. Rubio-Rodr\u00edguez, David J\u00e1spez, Ana D\u00edaz-de Usera, Antonio I\u00f1igo-Campos, Krishna R. Veeramah, Santos Alonso, Mark G. Thomas, Jos\u00e9 M. Lorenzo-Salazar, Rafaela Gonz\u00e1lez-Montelongo, Carlos Flores. <b>A benchmarking of human Y-chromosome haplogroup classifiers and a characterization of contemporary patrilineages of the Canary Islands. <\/b>European Human Genetics Conference 2023, d10-13 June 2023, Glasgow, Scotland, England. Poster.<br \/>\n<b><br \/>\n<\/b>Eva Suarez-Pajes, Itahisa Marcelino-Rodriguez, Elisa Hern\u00e1ndez Brito, Eva Tosco-Herrera, Luis A. Rubio-Rodr\u00edguez, Silvia Gonz\u00e1lez-Barbuzano, Melody del Pino-Ramirez Falc\u00f3n, Mar\u00eda Luisa Briones, Olga Rajas, Luis Border\u00edas, Jose Ferreres, Antoni Payeras, Leonardo Lorente, Javier Aspa, Jordi Freixinet, Felipe Rodr\u00edguez de Castro, Jordi Sol\u00e9 Viol\u00e1n, Carlos Rodr\u00edguez-Gallego, Carlos Flores. <b>A genome-wide association study of hospitalization for pneumococcal community-acquired pneumonia. <\/b>European Human Genetics Conference 2023, 10-13 June 2023, Glasgow, Scotland, England. Poster.  <\/p>\n<p>Tamara Hernandez-Beeftink, Daniel Chin, Beatriz Guillen-Guio, Olivia C. Leavy, Paul Cullinan, Carl Reynolds, Fernando Martinez, Imre Noth, CleanUP-IPF Investigators of the Pulmonary Trials Cooperative, Helen L. Booth, William A. Fahy, Ian P. Hall, Simon P. Hart, Mike R. Hill, Nik Hirani, Richard B. Hubbard, Toby M. Maher, Robin J. McAnulty, Ann B. Millar, Philip L. Molyneaux, Vidya Navaratnam, Eunice Oballa, Helen Parfrey, Gauri Saini, Ian Sayers, Martin Tobin, Moira K. B. Whyte, Ayodeji Adegunsoye, Carlos Flores, Naftali Kaminski, Shwu-Fan Ma, Justin M. Oldham, Mary E. Strek, Yingze Zhang, Tasha E. Fingerlin, David A. Schwartz, Maria Molina-Molina, Lauren Donoghue, Amy Stockwell, Margaret Neighbors, Rebecca Sheng, Mark McCarthy, Brian L. Yaspan, R. Gisli Jenkins, Richard J. Allen, Louise Wain. <b>Alternative genetics models in IPF susceptibility genome-wide association studies to improve power and accuracy. <\/b>European Human Genetics Conference 2023, 10-13 June 2023, Glasgow, Scotland, England. Poster.  <\/p>\n<h3 class=\"fusion-responsive-typography-calculated\" data-fontsize=\"15\" data-lineheight=\"25.65px\"><strong>CIBERES-CIBERINFEC 2023 Training Seminar, Madrid, 15-16 June 2023<\/strong><\/h3>\n<p>Eva Suarez-Pajes, Itahisa Marcelino-Rodriguez, Elisa Hern\u00e1ndez Brito3, Eva Tosco-Herrera, Luis A. Rubio-Rodr\u00edguez, Silvia Gonzalez-Barbuzano, Melody Ramirez-Falc\u00f3n, Jose M Lorenzo-Salazar, Mar\u00eda Luisa Briones, Olga Rajas, Luis Border\u00edas, Jose Ferreres, Antoni Payeras, Leonardo Lorente, Javier Aspa, Edurne Carbonell, Jordi Freixinet, Felipe Rodr\u00edguez de Castro, Jordi Sol\u00e9 Viol\u00e1n, Carlos Rodr\u00edguez-Gallego, Carlos Flores. <strong>Susceptibility to hospitalization for pneumococcal community-acquired pneumonia: a genome-wide association study<\/strong>. CIBERES-CIBERINFEC 2023 Training Conference, Madrid, 15-16 June 2023. Poster.   <\/p>\n<h3 class=\"fusion-responsive-typography-calculated\" data-fontsize=\"15\" data-lineheight=\"25.65px\">10th International Work-Conference on Bioinformatics and Biomedical Engineering, IWBBIO 2023 \u00b7 12-14 July 2023<\/h3>\n<p>Adri\u00e1n Mu\u00f1oz-Barrera, V\u00edctor Garc\u00eda-Olivares, Luis A. Rubio-Rodr\u00edguez, David J\u00e1spez, Jos\u00e9 M. Lorenzo-Salazar, Rafaela Gonz\u00e1lez-Montelongo, and Carlos Flores. <b>Assessing bioinformatic tools for de novo assembly of nanopore sequencing data from human whole-genomes<\/b>. 10th International Work-Conference on Bioinformatics and Biomedical Engineering (IWBBIO 2023), 12-14 July 2023, Gran Canaria, Spain. Poster IWBBIO-7881. URL: <a class=\"moz-txt-link-freetext\" href=\"https:\/\/iwbbio.ugr.es\/IWBBIO2023_Program_Abstracts.pdf\">https:\/\/iwbbio.ugr.es\/IWBBIO2023_Program_Abstracts.pdf<\/a>    <\/p>\n<p>Adri\u00e1n Mu\u00f1oz-Barrera, Laura Ciuffreda, Julia Alcoba-Florez, Luis A. Rubio-Rodr\u00edguez, H\u00e9ctor Rodr\u00edguez-P\u00e9rez, Helena Gil-Campesino, Diego Garc\u00eda-Mart\u00ednez de Artola, Josmar Salas-Hern\u00e1ndez, Julia Rodr\u00edguez-N\u00fa\u00f1ez, Antonio \u00cd\u00f1igo-Campos, V\u00edctor Garc\u00eda-Olivares, Oscar D\u00edez-Gil, Rafaela Gonz\u00e1lez-Montelongo, Agust\u00edn Valenzuela-Fern\u00e1ndez, Jos\u00e9 M. Lorenzo-Salazar, and Carlos Flores. <b>Bioinformatics approaches to characterize the Monkeypox virus genomes from cases of the mid-2022 outbreak<\/b>. 10th International Work-Conference on Bioinformatics and Biomedical Engineering (IWBBIO 2023), 12-14 July 2023, Gran Canaria, Spain. Poster. IWBBIO-7471. URL: <a class=\"moz-txt-link-freetext\" href=\"https:\/\/iwbbio.ugr.es\/IWBBIO2023_Program_Abstracts.pdf\/IWBBIO2023_Program_Abstracts.pdf\">https:\/\/iwbbio.ugr.es\/IWBBIO2023_Program_Abstracts.pdf\/IWBBIO2023_Program_Abstracts.pdf<\/a>   <\/p>\n<p>H\u00e9ctor Rodr\u00edguez-P\u00e9rez, Laura Ciuffreda, and Carlos Flores. <b>Enabling real-time analysis of nanopore 16S rRNA sequencing data with NanoRTax.<\/b> 10th International Work-Conference on Bioinformatics and Biomedical Engineering (IWBBIO 2023), 12-14 July 2023, Gran Canaria, Spain. Oral presentation, IWBBIO-9662. URL: <a class=\"moz-txt-link-freetext\" href=\"https:\/\/iwbbio.ugr.es\/IWBBIO2023_Program_Abstracts.pdf\/IWBBIO2023_Program_Abstracts.pdf\">https:\/\/iwbbio.ugr.es\/IWBBIO2023_Program_Abstracts.pdf\/IWBBIO2023_Program_Abstracts.pdf<\/a>   <\/p>\n<h3 class=\"fusion-responsive-typography-calculated\" data-fontsize=\"15\" data-lineheight=\"25.65px\">XXIII International Congress of Genetics &#8211; 16 to 21 July 2023 &#8211; Australia<\/h3>\n<p>Chin DPW, Allen RJ, Guillen-Guio B, Leavy OC, Hernandez Beeftink T, Reynolds C, Cullinan P, Martinez F, Noth I, CleanUP-IPF Investigators of the Pulmonary Trials Cooperative, Booth HL, Fahy WA, Hall IP, Hart SP, Hill MR, Hirani N, Hubbard RB, Maher TM, McAnulty RJ, Millar AB, Molyneaux PL, Navaratnam V, Oballa E, Parfrey H, Saini G, Sayers I, Tobin MD, Whyte MKB, Adegunsoye A, Flores C, Kaminski N, Ma SF, Oldham JM, Strek ME, Zhang Y, Fingerlin TE, Schwartz DA, Molina-Molina M, Donoghue L, Neighbors M, Sheng X, Stockwell A, Yaspan BL, Jenkins RG, Wain LV. <strong>Improved genomic coverage and sample size for fine-mapping and gene discovery for idiopathic pulmonary fibrosis<\/strong>. XXIII International Congress of Genetics, 16 &#8211; 21 July 2023, Melbourne, Australia. Poster  <\/p>\n<h3 class=\"fusion-responsive-typography-calculated\" data-fontsize=\"15\" data-lineheight=\"25.65px\">American Society of Human Genetics Annual Meeting 2023 &#8211; ASHG Annual Meeting 2023 &#8211; 1-5 November 2023<\/h3>\n<p>Flores C, Guillen-Guio B, Marcelino-Rodriguez I, Lorenzo-Salazar JM, Leavy OC, Allen RJ, Scourge Cohort Group, Riancho JA, Rojas A, Lapunzina P, Carracedo A., Wain L V. <strong>Polygenic risk of idiopathic pulmonary fibrosis and COVID-19 severity<\/strong>. American Society of Human Genetics Annual Meeeting 2023, Washington, EE.UU, 1 &#8211; 5 November 2023. Poster.   <\/p>\n<p>Lorenzo Salazar JM, Gonzalez-Montelongo R, Rubio-Rodriguez L, Mu\u00f1oz-Barrera A, J\u00e1spez D, D\u00edaz-de Usera A, Garcia-Olivares V, I\u00f1igo-Campos A, Guillen-Guio B, Marcelino-Rodr\u00edguez I, Corrales A, Comas D, Flores C. <strong>A scan of selective signals in whole-genome sequencing data from Canary Islanders<\/strong>. American Society of Human Genetics Annual Meeeting 2023, Washington, EE.UU, 1 &#8211; 5 November 2023. Poster.  <\/p>\n<p>Hernandez Beeftink T, Chin D, Donoghue L, Guillen-Guio B, Leavy OC, Cullinan P, Reynolds C, Martinez F, Noth I, CleanUP-IPF Investigators of the Pulmonary Trials Cooperative, Flores C, Oldham JM, Schwartz DA, Yaspan BL, Jenkins R, Allen RJ, Wain LV, on behalf of the International IPF Genetics Consortium, International IPF Genetics Consortium: Booth HL, Fahy WA, Hall IP, Hart SP, Hill MR, Hirani N, Hubbard RB, Maher TM, McAnulty RJ, Millar AB, Molyneaux PL, Navaratnam V, Oballa E, Parfrey H, Saini G, Sayers I, Tobin MD, Whyte MKB, Adegunsoye A, Kaminski N, Ma SF, Strek ME, Zhang Y, Fingerlin TE, Molina-Molina M, Stockwell A, Neighbors M, Sheng XR, McCarthy M. <strong>Using alternative genetic models in IPF susceptibility genome-wide association studies<\/strong>. American Society of Human Genetics Annual Meeeting 2023, Washington, EE.UU, 1-5 November 2023. Poster.   <\/p>\n<h3 class=\"fusion-responsive-typography-calculated\" data-fontsize=\"15\" data-lineheight=\"25.65px\">Respiratory Genomics Conference 2023 \u00b7 13-14 November 2023 \u00b7 Leicester, United Kingdom<\/h3>\n<p>Su\u00e1rez-Pajes E, Hernandez-Beeftink T, Guillen-Guio B, Rubio-Rodr\u00edguez LA, Garc\u00eda-Laorden MI, Corrales A, Prieto-Gonz\u00e1lez M, Rodr\u00edguez-P\u00e9rez A, Carriedo D, Blanco J, Ambr\u00f3s A, Gonz\u00e1lez-Higueras E, Espinosa E, Muriel-Bombin A, Dom\u00ednguez D, Garc\u00eda de Lorenzo A, A\u00f1on JM, Soro M, Villar J, Flores C. <strong>Protein-guided genome-wide association study to identify novel risk loci for acute respiratory distress syndrome: the case of VEGFR1 serum levels.<\/strong> Respiratory Genomics Conference 2023, Leicester (United Kingdom), 13-14 November 2023. Poster.  <\/p>\n<p>Suarez-Pajes E, Marcelino-Rodriguez I, Hern\u00e1ndez-Brito E, Gonzalez-Barbuzano S, Ramirez-Falcon M, Tosco-Herrera E, Rubio-Rodr\u00edguez LA, Briones ML, Rajas O, Border\u00edas L, Ferreres J, Payeras A, Lorente L, Aspa J, Lorenzo Salazar JM, Valencia-Gallardo JM, Carbonell E, Freixinet J, Rodr\u00edguez de Castro F, Sol\u00e9-Viol\u00e1n J, Rodr\u00edguez-Gallego C, Flores C. <strong>Genetic loci associated with the hospitalization of adults by community-acquired pneumonia<\/strong>. Respiratory Genomics Conference 2023, Leicester (United Kingdom), 13-14 November 2023. Poster.  <\/p>\n<p>Lorenzo-Salazar JM, Guillen-Guio B, Marcelino-Rodriguez I, Leavy OC, Allen RJ, Scourge Cohort Group, Riancho JA, Rojas-Martinez A, Lapunzina P, Carracedo A, Wain LV, Flores C.<strong> Age and sex-stratified association between polygenic risk of idiopathic pulmonary fibrosis and COVID-19 severity<\/strong>. Respiratory Genomics Conference 2023, Leicester (United Kingdom), 13-14 November 2023. Poster. Oral Presentation.  <\/p>\n<p>Guillen-Guio B, Suarez-Pajes E, Hernandez-Beeftink T, Lorenzo-Salazar JM, Chang D, Tosco-Herrera E, Gonz\u00e1lez-Montelongo R, Rubio-Rodr\u00edguez LA, Leavy OC, Allen RJ, Corrales A, Cruz R, Bardaj\u00ed-Carrillo M, Carracedo A, Tamayo E, Ware LB, Yaspan BL, Sherag A, Villar J, Wain LV, Flores C. <strong>Genome-wide association study of post-sepsis acute respiratory distress syndrome<\/strong>. Respiratory Genomics Conference 2023, Leicester (United Kingdom), 13-14 November 2023. Poster.  <\/p>\n<p>Hernandez-Beeftink T, Daniel Chin D, Donoghue L, Guillen-Guio B, Leavy OC, Cullinan P, Reynolds C, Martinez F, Noth I, CleanUP-IPF Investigators of the Pulmonary Trials Cooperative, Booth HL, Fahy WA, Hall IP, Hart SP, Hill MR, Hirani N, Hubbard RB, Maher TM, McAnulty RJ, Millar AB, Molyneaux PL, Navaratnam V, Oballa E, Parfrey H, Saini G, Sayers I, Tobin MD, Whyte MKB, Adegunsoye A, Flores C, Kaminski N, Ma SF, Oldham JM, Strek ME, Zhang Y, Fingerlin TE, Schwartz DA, Molina-Molina M, Stockwell A, Neighbors M, Sheng XR, McCarthy M, Yaspan BL, Jenkins RG, Allen RJ, Wain LV. <strong>Improving power and accuracy using alternative genetic models in IPF susceptibility genome-wide association studies.<\/strong> Respiratory Genomics Conference 2023, Leicester (United Kingdom), 13-14 November 2023. Poster.  <\/p>\n<p>Leavy OC, Goemans AF, Stockwell A, Allen RJ, Guillen-Guio B, Adegunsoye A, Booth HL, CleanUP-IPF Investigators of the Pulmonary Trials Cooperative, Cullinan P, Fahy WA, Fingerlin TE, Hall IP, Hart SP, Hill MR, Hirani N, Hubbard RB, Kaminski N, Ma SF, Martinez F, McAnulty RJ, McCarthy M, Millar AB, Molina-Molina M, Navaratnam V, Neighbors M, Oballa E, Parfrey H, Reynolds C, Saini G, Sayers I, Sheng XR, Strek ME, Tobin MD, Whyte MKB, Zhang Y, Schwartz DA, Maher TM, Molyneaux PL, Oldham JM, Flores C, Yaspan BL, Noth I, Jenkins RG, Wain LV. <strong>Genetic differences between sexes in idiopathic pulmonary fibrosis: a genome-wide SNP-by-sex interaction analysis.<\/strong> Respiratory Genomics Conference 2023, Leicester (United Kingdom), 13-14 November 2023. Poster.  <\/p>\n<h3 class=\"fusion-responsive-typography-calculated\" data-fontsize=\"15\" data-lineheight=\"25.65px\">IV Interdisciplinary Congress on Human Genetics &#8211; 15-17 November 2023<\/h3>\n<p>Ferreiro S, Cazalla Garcia M, Parra Parra A, Blom-Dahl J, Gonzalez A, P\u00e9rez Solero G, Silvan C, Pascual P, Miranda L, Nevado J, Rodriguez Ma\u00f1as L, Rojas A, Riancho JA, Flores C, Cruz R, Scourge Cohort Group, Carracedo A, Lapunzina P, Tenorio Casta\u00f1o JA. <strong>Riesgo polig\u00e9nico y desarrollo de embolia pulmonar en el contexto de infecci\u00f3n por COVID-19<\/strong>. IV Interdisciplinary Congress on Human Genetics, Malaga, 15-17 November 2023. Poster.   <\/p>\n<h3 class=\"fusion-responsive-typography-calculated\" data-fontsize=\"15\" data-lineheight=\"25.65px\">British Thoracic Society Winter Meeting 2023 \u00b7 22-24 November 2023<\/h3>\n<p>Guillen-Guio B, Paynton ML, Allen RJ, Chin DPW, Donoghue L, Stockwell A, Leavy OC, Hernandez-Beeftink T, Reynolds C, Cullinan P, Martinez F, CleanUP-IPF Investigators of the Pulmonary Trials Cooperative, Booth HL, Fahy WA, Hall IP, Hart SP, Hill MR, Hirani N, Hubbard RB, McAnulty RJ, Millar AB, Navaratnam V, Oballa E, Parfrey H, Saini G, Sayers I, Tobin MD, Whyte MKB, Adegunsoye A, Kaminski N, Ma SF, Strek ME, Zhang Y, Fingerlin TE, Molina-Molina M, Neighbors M, Sheng XR, Oldham JM, Maher TM, Schwartz DA, Molyneaux PL, Flores C, Noth I, Yaspan BL, Jenkins RG, Wain LV, Hollox EJ. <strong>Exploring the association between Human Leukocyte Antigen (HLA) genetics and idiopathic pulmonary fibrosis.<\/strong> British Thoracic Socienty Winter Meeting 2023, 22-24 November 2023, London, United Kingdom. Poster. Publication: Thorax 2023; 78(Suppl 4): A224-225.   <\/p>\n<p>Leavy OC, Goemans AF, Stockwell A, Allen RJ, Guillen-Guio B, Adegunsoye A, Booth HL, CleanUP-IPF Investigators of the Pulmonary Trials Cooperative, Cullinan P, Fahy WA, Fingerlin TE, Hall IP, Hart SP, Hill MR, Hirani N, Hubbard RB, Kaminski N, Ma SF, Martinez F, McAnulty RJ, McCarthy M, Millar AB, Molina-Molina M, Navaratnam V, Neighbors M, Oballa E, Parfrey H, Reynolds C, Saini G, Sayers I, Sheng XR, Strek ME, Tobin MD, Whyte MKB, Zhang Y, Schwartz DA, Maher TM, Molyneaux PL, Oldham JM, Flores C, Yaspan BL, Noth I, Jenkins RG, Wain LV. <strong>Genetic differences between sexes in idiopathic pulmonary fibrosis: a Genome-wide SNP-sex interaction analysis.<\/strong> British Thoracic Socienty Winter Meeting 2023, 22-24 November 2023, London, United Kingdom. Poster. Publication: Thorax 2023; 78(Suppl 4): A223.   <\/p>\n<h3 class=\"fusion-responsive-typography-calculated\" data-fontsize=\"15\" data-lineheight=\"25.65px\">BioIntegraSa\u00fade 2023 \u00b7 14 December 2023 \u00b7 A Coru\u00f1a<\/h3>\n<p>Suarez J.J., Cruz R., Quintela I., Flores C., Brion M., Diz-de Almeida S., Mart\u00ednez-Campelo L., Rubio-Rodriguez L.A., Lorenzo-Salazar J.M., Maro\u00f1as O., Amigo J., Barral-Arca R., Carracedo A. <strong>Axiom Spain Biobank Array_v2: update of an array enriched in specific variation for Spanish population<\/strong>. BioIntegraSa\u00fade 2023, A Coru\u00f1a, 14\/12\/2023. Poster.   <\/p>\n<h2 class=\"fusion-responsive-typography-calculated\" data-fontsize=\"15\" data-lineheight=\"45px\">Environment Area<\/h2>\n<h3 class=\"fusion-responsive-typography-calculated\" data-fontsize=\"15\" data-lineheight=\"25.65px\">General Assembly of the European Geosciences Union 2023 (EGU)<\/h3>\n<p>Friday 28 April 2023. Session NH8.3: Environmental Exposome of Inorganic Dusts and Elongated Mineral Particles: from Minerochemistry to Risk Assessment | PICO <\/p>\n<p>Convener: Francesco Turci | Co-conveners: Cristina Pavan, Sarah Kalika, Ana L\u00f3pez Lilao, Luca Barale<\/p>\n<ol>\n<li>Coldwell, B., Wertheim, D., Myashita, L., Gill, I., Crust, S., Giddens, R., Grigg, J., P\u00e9rez, N., and Petford, N.: Rapid minero-chemical classification of volcanic ash and inorganic dust at PM10 level: the longer-term effects of short-term hazards in the Canary Islands. , EGU General Assembly 2023, Vienna, Austria, 24\u201328 Apr 2023, EGU23-8091, <a href=\"https:\/\/l.facebook.com\/l.php?u=https%3A%2F%2Fdoi.org%2F10.5194%2Fegusphere-egu23-8091%3Ffbclid%3DIwAR0dLFjeQCB_GsSo4wwW924GgmbHMEyTUBWCPShqicl3MqNt5RnGE_wEcrw&amp;h=AT2_vIo24cqwi1Z9SoFp4OWgCIpSutn1-xpxVf77yNceX_S-uTX8NVcCnWxRG4sZ0XpTbkVQSE77rDGS_UNN_OwWA_qGhQBvdBzfqzHtZMHTzrxqJe6PADVM62-ZO6zX6g&amp;__tn__=-UK-R&amp;c%5b0%5d=AT1Q4JDjQOL2J_pImPOiu11TKi2_6siehpjYInYIVMGVD_p21FmVk4J88xglbfv0TwE8rOe_AzPWosDgfMoRd0JjsZx_X6cJ6A8B6Ja9MkZQ7384YmqVwxtzb_zIEz4_IKxV9xm_YGLkmO4r_6qYSaqRbw8qyrpJj9-xs8v1P7C-mkkbP9s8bn19pkGrle-eVgX_fm20KBG7\">https:\/\/doi.org\/10.5194\/egusphere-egu23-8091<\/a>, 2023.<\/li>\n<\/ol>\n<p>Thursday 27 April 2023. Session ERE2.4: Geothermal systems: Exploration, exploitation and monitoring of geothermal resources. <\/p>\n<p>Convener: Domenico Montanari | Co-conveners: Alper Baba, Paromita Deb, Kai Li, Pilar S\u00e1nchez S\u00e1nchez-Pastor, Sin-Mei Wu<\/p>\n<ol start=\"2\">\n<li>Mart\u00edn-Lorenzo, A., P\u00e9rez, N. M., Meli\u00e1n, G. V., Rodr\u00edguez, F., Amonte, C., Asensio-Ramos, M., Hern\u00e1ndez, P. A., and Padr\u00f3n, E.: Soil and soil-gas surveys for geothermal exploration at Cumbre Vieja volcano, La Palma, Canary Islands, EGU General Assembly 2023, Vienna, Austria, 24\u201328 Apr 2023, EGU23-10151, <a href=\"https:\/\/l.facebook.com\/l.php?u=https%3A%2F%2Fdoi.org%2F10.5194%2Fegusphere-egu23-10151%3Ffbclid%3DIwAR0BnK3vld3Nql0w-eiOcnBOx-MYGa2A-9t71EP_3Bhs7nudJsNSawkqZs8&amp;h=AT2jO3hisccLTn7szvvoCkx_Qf_4bzI9Ql4ZxbqLApy4rBl25T828cZkx0sSWCiMdOY25yn0MlpmYNBIW9tEf0bvj0fxosmC1B20Oi7V8ukw-fGu4goF0Hwm2yKwEEl0UA&amp;__tn__=-UK-R&amp;c%5b0%5d=AT1Q4JDjQOL2J_pImPOiu11TKi2_6siehpjYInYIVMGVD_p21FmVk4J88xglbfv0TwE8rOe_AzPWosDgfMoRd0JjsZx_X6cJ6A8B6Ja9MkZQ7384YmqVwxtzb_zIEz4_IKxV9xm_YGLkmO4r_6qYSaqRbw8qyrpJj9-xs8v1P7C-mkkbP9s8bn19pkGrle-eVgX_fm20KBG7\">https:\/\/doi.org\/10.5194\/egusphere-egu23-10151<\/a>, 2023.<\/li>\n<\/ol>\n<p>Session NH9.10: Natural hazards\u2019 impact on natural and built heritage and infrastructure in urban and rural zones<\/p>\n<p>Convener: Maria Bostenaru Dan | Co-conveners: Adrian Ibric, Margherita D Ayala, Orsolya Kegyes-Brassai, Mara Popescu<\/p>\n<ol start=\"3\">\n<li>Miranda-Hardisson, A., Gonz\u00e1lez de Vallejo, L., Rodr\u00edguez-Losada, J. A., Hern\u00e1ndez-Guti\u00e9rrez, L., de Villepreux, E., \u00c1lvarez-Hern\u00e1ndez, A., Cervig\u00f3n-Tomico, G., de los R\u00edos D\u00edaz, H., Afonso-Falc\u00f3n, D., and P\u00e9rez, N. M.: Stability analysis of the Tajogaite volcano slopes and lahar hazards for reconstruction and land planning in the affected areas, La Palma, Canary Islands, EGU General Assembly 2023, Vienna, Austria, 24\u201328 Apr 2023, EGU23-6926, <a href=\"https:\/\/doi.org\/10.5194\/egusphere-egu23-6926?fbclid=IwAR0Vy5iYSfdNhmeaml4zOKzA_5FyEqLyNTZpt9_41w3LBYdaUj144R9Y_nE\">https:\/\/doi.org\/10.5194\/egusphere-egu23-6926<\/a>, 2023.<\/li>\n<li>Gonz\u00e1lez de Vallejo, L., Miranda-Hardisson, A., \u00c1lvarez-Hern\u00e1ndez, A., Rodr\u00edguez-Losada, J. A., Hern\u00e1ndez, P. A., Hern\u00e1ndez-Guti\u00e9rrez, L. E., Cervig\u00f3n-Tomico, G., Villepreux, E., de los R\u00edos D\u00edaz, H., Afonso-Falc\u00f3n, D., \u00c1lvarez D\u00edaz, A. J., and P\u00e9rez, N. M.: Cooling rates and thermal-geomechanical properties of the lava flows of Tajogaite eruption (La Palma, Canary Islands) for land use planning and infrastructures reconstruction., EGU General Assembly 2023, Vienna, Austria, 24\u201328 Apr 2023, EGU23-7752, <a href=\"https:\/\/l.facebook.com\/l.php?u=https%3A%2F%2Fdoi.org%2F10.5194%2Fegusphere-egu23-7752%3Ffbclid%3DIwAR04HDTnSQGkSk7Wm0spwbJRIMZGKkI6DdwuXpyLMCQ8Q7eDpuwCXtSZC-w&amp;h=AT1WOkagkkjbLugEbnyNp5jFD_LljiNwPoD1SQUg27wWyRn5FRnT2akrnlVdNsmlkhDc_yuHPckqc2C4JwNNQ2irGHkBnO4pNPk1cCty5b9VXzLtM2ljRljz-inSlnPZiw&amp;__tn__=-UK-R&amp;c%5b0%5d=AT1Q4JDjQOL2J_pImPOiu11TKi2_6siehpjYInYIVMGVD_p21FmVk4J88xglbfv0TwE8rOe_AzPWosDgfMoRd0JjsZx_X6cJ6A8B6Ja9MkZQ7384YmqVwxtzb_zIEz4_IKxV9xm_YGLkmO4r_6qYSaqRbw8qyrpJj9-xs8v1P7C-mkkbP9s8bn19pkGrle-eVgX_fm20KBG7\">https:\/\/doi.org\/10.5194\/egusphere-egu23-7752<\/a>, 2023.<\/li>\n<li>Rodr\u00edguez-Losada, J. A., Hern\u00e1ndez-Guti\u00e9rrez, L. E., Miranda-Hardisson, A., Gonz\u00e1lez de Vallejo, L. I., Cervig\u00f3n-Tomico, G., de los R\u00edos D\u00edaz, H., de Villepreux, E., \u00c1lvarez-Hern\u00e1ndez, A., and Afonso-Falc\u00f3n, D.: Evaluation of the slopes stability in the lava field of the 2021 Tajogaite eruption (La Palma, Canary Islands) in order to recover the territory for the development of new infrastructures, EGU General Assembly 2023, Vienna, Austria, 24\u201328 Apr 2023, EGU23-13809, <a href=\"https:\/\/l.facebook.com\/l.php?u=https%3A%2F%2Fdoi.org%2F10.5194%2Fegusphere-egu23-13809%3Ffbclid%3DIwAR1ycoifxE-mLZRltOXdhkshXcFTHs2O5TDg_GlmqUIVEBqdE2CWZPmJ6pg&amp;h=AT1lEE7MohKt79Hnrl0C4h7Eu91rp0r8Zvl1AXvE-dEU6Drh7-0VdWNMkoXY18hetgx8t6kAUiblB2vbIAzooPUMhmFb7ZBq8oupA3R_ZwyQUcUlrP8USG9ifSMrQHAAKA&amp;__tn__=-UK-R&amp;c%5b0%5d=AT1Q4JDjQOL2J_pImPOiu11TKi2_6siehpjYInYIVMGVD_p21FmVk4J88xglbfv0TwE8rOe_AzPWosDgfMoRd0JjsZx_X6cJ6A8B6Ja9MkZQ7384YmqVwxtzb_zIEz4_IKxV9xm_YGLkmO4r_6qYSaqRbw8qyrpJj9-xs8v1P7C-mkkbP9s8bn19pkGrle-eVgX_fm20KBG7\">https:\/\/doi.org\/10.5194\/egusphere-egu23-13809<\/a>, 2023.<\/li>\n<li>Hern\u00e1ndez-Guti\u00e9rrez, L., Rodr\u00edguez-Losada, J. A., Miranda-Hardisson, A., Gonz\u00e1lez de Vallejo, L., Cervig\u00f3n-Tomico, G., de los R\u00edos D\u00edaz, H., de Villepreux, E., \u00c1lvarez-Hern\u00e1ndez, A., and Afonso-Falc\u00f3n, D.: Geotechnical zoning of the new lava field of 2021 Tajogaite volcano (La Palma, Canary Islands) and its application in the recovery of the territory for new urbanization, EGU General Assembly 2023, Vienna, Austria, 24\u201328 Apr 2023, EGU23-3953, <a href=\"https:\/\/doi.org\/10.5194\/egusphere-egu23-3953?fbclid=IwAR3_u3mGvbaR7EtIxQ1EN34KBlG_8wMycoSfF3iL3fT5nNBIsJeiiPY_Cm8\">https:\/\/doi.org\/10.5194\/egusphere-egu23-3953<\/a>, 2023.<\/li>\n<\/ol>\n<p>Tuesday 25 April 2023. Session GMPV7.5: Understanding magmatic processes: from storage dynamics to eruptive behaviour, with implications for volcanic hazards. <\/p>\n<p>Convener: Alessio Pontesilli| Co-conveners: Chiara Maria Petrone, Eva Eibl, Sivio Mollo, Teresa Ubide,<\/p>\n<ol start=\"7\">\n<li>Sandoval-Velasquez, A., Rizzo, A. L., Casetta, F., Ntaflos, T., Aiuppa, A., Alonso, M., Padron, E., Pankhurst, M., Mundl-Petermeier, A., and Perez, N. M.: The 2021 Cumbre Vieja eruption (La Palma, Canary Islands): new perspectives on the geochemistry of lavas and noble gases isotopes trapped in fluid inclusions, EGU General Assembly 2023, Vienna, Austria, 24\u201328 Apr 2023, EGU23-14572, <a href=\"https:\/\/l.facebook.com\/l.php?u=https%3A%2F%2Fdoi.org%2F10.5194%2Fegusphere-egu23-14572%3Ffbclid%3DIwAR1KdsiipB99yE7MDIAYEt1Rz4XpTMj7CwQ97nDFBeVPOU7If3EJJaPZOmI&amp;h=AT0VzazMdEODORBauqowB8og0Et9Cg_rEfHEJ24PGADZXUzkNgBNtvrY6LpF5AqG7JB04ERtNcJyLTswG0olJOS0A-jfCmvLUcHghoaLzinr0MdIid4m5vdZl4LE7DZ6WA&amp;__tn__=-UK-R&amp;c%5b0%5d=AT1Q4JDjQOL2J_pImPOiu11TKi2_6siehpjYInYIVMGVD_p21FmVk4J88xglbfv0TwE8rOe_AzPWosDgfMoRd0JjsZx_X6cJ6A8B6Ja9MkZQ7384YmqVwxtzb_zIEz4_IKxV9xm_YGLkmO4r_6qYSaqRbw8qyrpJj9-xs8v1P7C-mkkbP9s8bn19pkGrle-eVgX_fm20KBG7\">https:\/\/doi.org\/10.5194\/egusphere-egu23-14572<\/a>, 2023.<\/li>\n<\/ol>\n<p>Session EOS1.1: Science and Society: Science Communication Practice, Research, and Reflection<\/p>\n<p>Convener: Solmaz Mohadjer | Co-conveners: Francesco Avanzi, Roberta Bellini, Roberta Wilkinson, Usha Harris<\/p>\n<ol start=\"8\">\n<li>Rodr\u00edguez-P\u00e9rez, C., P\u00e9rez, N. M., Rodr\u00edguez, F., and Solana, C.: Journalists, Communication and Volcanic Risk Managment in Spain , EGU General Assembly 2023, Vienna, Austria, 24\u201328 Apr 2023, EGU23-4553, <a href=\"https:\/\/l.facebook.com\/l.php?u=https%3A%2F%2Fdoi.org%2F10.5194%2Fegusphere-egu23-4553%3Ffbclid%3DIwAR0Hl90YNw-fEhss6dFeFyLDglpEJaaGluw3NFbL0tJxZcFWSHJi1DyMLOo&amp;h=AT1K_92mjH9D9ucZCtBNzY0mRjz5qStQGapj2q0EhPo1Qf7RyXdDjtw_t10CPSfIrkxzP5R6so5c5q6TXL-8pZo-j_DeN-hD7G-mIsHKlMZ1I2O_I0X3sixGNeOTU73Dvg&amp;__tn__=-UK-R&amp;c%5b0%5d=AT1Q4JDjQOL2J_pImPOiu11TKi2_6siehpjYInYIVMGVD_p21FmVk4J88xglbfv0TwE8rOe_AzPWosDgfMoRd0JjsZx_X6cJ6A8B6Ja9MkZQ7384YmqVwxtzb_zIEz4_IKxV9xm_YGLkmO4r_6qYSaqRbw8qyrpJj9-xs8v1P7C-mkkbP9s8bn19pkGrle-eVgX_fm20KBG7\">https:\/\/doi.org\/10.5194\/egusphere-egu23-4553<\/a>, 2023.<\/li>\n<\/ol>\n<p>Monday 24 April 2023. Session GI6.1: New frontiers of multiscale monitoring, analysis and modeling of environmental systems <\/p>\n<p>Convener: Raffaele Castaldo | Co-conveners: Antonello Bonfante, Pietro Tizzani, Nemesio M. P\u00e9rez, Andrea Barone<\/p>\n<ol start=\"9\">\n<li>P\u00e9rez, N. M., Asensio-Ramos, M., Barrancos, J., Padr\u00f3n, E., Meli\u00e1n, G. V., Rodr\u00edguez, F., Padilla, G. D., Albertos, V. T., Hern\u00e1ndez, P. A., \u00c1lvarez D\u00edaz, A. J., de los R\u00edos D\u00edaz, H., Afonso Falc\u00f3n, D., and Cutillas, J.: CO2 concentration and stable isotope surveys in the ambient air of populated areas of La Palma (Canary Islands) by means of mobile Delta Ray measurements using an electrical car, EGU General Assembly 2023, Vienna, Austria, 24\u201328 Apr 2023, EGU23-3292, <a href=\"https:\/\/l.facebook.com\/l.php?u=https%3A%2F%2Fdoi.org%2F10.5194%2Fegusphere-egu23-3292%3Ffbclid%3DIwAR0Vy5iYSfdNhmeaml4zOKzA_5FyEqLyNTZpt9_41w3LBYdaUj144R9Y_nE&amp;h=AT3AfXmac2wWKHbQrOWRSM6DNLIdXEAQ8BOF_mHvT6t-bHCMVSv0ZNSWbLRzhCUvacGtI4sslleFf2dTYN_WY_pKEHnT2MqK6c0sEZ8O0_t406gPfrB1it1oVfYb7t0ULQ&amp;__tn__=-UK-R&amp;c%5b0%5d=AT1Q4JDjQOL2J_pImPOiu11TKi2_6siehpjYInYIVMGVD_p21FmVk4J88xglbfv0TwE8rOe_AzPWosDgfMoRd0JjsZx_X6cJ6A8B6Ja9MkZQ7384YmqVwxtzb_zIEz4_IKxV9xm_YGLkmO4r_6qYSaqRbw8qyrpJj9-xs8v1P7C-mkkbP9s8bn19pkGrle-eVgX_fm20KBG7\">https:\/\/doi.org\/10.5194\/egusphere-egu23-3292<\/a>, 2023.<\/li>\n<li>Rodr\u00edguez, O., Barrancos, J., Cutillas, J., Ortega, V., Hern\u00e1ndez, P. A., Cabrera, I., and P\u00e9rez, N. M.: SO2 emissions during the post-eruptive phase of the Tajogaite eruption (La Palma, Canary Islands) by means of ground-based miniDOAS measurements in transverse mode using a car and UAV, EGU General Assembly 2023, Vienna, Austria, 24\u201328 Apr 2023, EGU23-3620, <a href=\"https:\/\/l.facebook.com\/l.php?u=https%3A%2F%2Fdoi.org%2F10.5194%2Fegusphere-egu23-3620%3Ffbclid%3DIwAR1A3WHAAel6A4pNqUHn2JFxtYYquT5zmPhKs5EiIWzFPJ8rIOZM61Kh4GY&amp;h=AT3uChrfeOw2b8Os6KpFP5KpNSr-uXOa4AYo8c_IaLPR7YB3VUhv8X2Dsjwl-U3B12uEUrYomgIXXCZ9Fh2pcTXgNO8pp2KDYzDfouQIzeORBop8jP87qPm97igO2a_wHg&amp;__tn__=-UK-R&amp;c%5b0%5d=AT1Q4JDjQOL2J_pImPOiu11TKi2_6siehpjYInYIVMGVD_p21FmVk4J88xglbfv0TwE8rOe_AzPWosDgfMoRd0JjsZx_X6cJ6A8B6Ja9MkZQ7384YmqVwxtzb_zIEz4_IKxV9xm_YGLkmO4r_6qYSaqRbw8qyrpJj9-xs8v1P7C-mkkbP9s8bn19pkGrle-eVgX_fm20KBG7\">https:\/\/doi.org\/10.5194\/egusphere-egu23-3620<\/a>, 2023.<\/li>\n<li>Eff-Darwich, A., Padilla, G. D., Barrancos, J., Rodr\u00edguez-Losada, J. A., Hern\u00e1ndez, P. A., P\u00e9rez, N. M., \u00c1lvarez D\u00edaz, A. J., Gonz\u00e1lez P\u00e9rez, A. M., Garc\u00eda, J., Santana, J. M., and Padr\u00f3n, E.: Are they radon or random signals? Analysis of time series of 222Rn activity concentrations in populated areas of La Palma (Canary Islands, Spain), EGU General Assembly 2023, Vienna, Austria, 24\u201328 Apr 2023, EGU23-8673, <a href=\"https:\/\/l.facebook.com\/l.php?u=https%3A%2F%2Fdoi.org%2F10.5194%2Fegusphere-egu23-8673%3Ffbclid%3DIwAR0S8TL6_YQL731Do0VAEHR_H0X_WFyP2eqRaiORiQjIK8-R7gyaoyUawFg&amp;h=AT2F_4truNAsS_Uk6A8-WFCdqyeDjcDZEasbYF5DZBR0TrKc1WtiJefsgwWtjYIfZlkeh77X2p627j68LqvjmjPT7qwRmTGHr5Acoq5FBdmcBiIj6QcPo5oahnsTHZpDXw&amp;__tn__=-UK-R&amp;c%5b0%5d=AT1Q4JDjQOL2J_pImPOiu11TKi2_6siehpjYInYIVMGVD_p21FmVk4J88xglbfv0TwE8rOe_AzPWosDgfMoRd0JjsZx_X6cJ6A8B6Ja9MkZQ7384YmqVwxtzb_zIEz4_IKxV9xm_YGLkmO4r_6qYSaqRbw8qyrpJj9-xs8v1P7C-mkkbP9s8bn19pkGrle-eVgX_fm20KBG7\">https:\/\/doi.org\/10.5194\/egusphere-egu23-8673<\/a>, 2023.<\/li>\n<li>D Auria, L., Santos, A., Hern\u00e1ndez, P. A., Meli\u00e1n, G. V., \u00c1lvarez D\u00edaz, A. J., Asensio-Ramos, M., Gonz\u00e1lez P\u00e9rez, A. M., and P\u00e9rez, N. M.: Modeling outdoor dispersion of CO2 at Puerto Naos (La Palma, Canary Islands), EGU General Assembly 2023, Vienna, Austria, 24\u201328 Apr 2023, EGU23-3834, <a href=\"https:\/\/l.facebook.com\/l.php?u=https%3A%2F%2Fdoi.org%2F10.5194%2Fegusphere-egu23-3834%3Ffbclid%3DIwAR036M51GuB2B2Q0hu-ZZjgtba0p7mJ9zwmiv90g-byqoDxpldD1AiUGTbM&amp;h=AT0SJNyGMzHJwswGOxy3u3rAsny1kLuKPeBBcDMfBzmGQvm7Sb_8-7va9pmBZpDagTnge6vvioS5I8YrlljulkERHuSUwnCQbX1QHzbZ-MPIomWCmXe8PpArDL8peB5NYQ&amp;__tn__=-UK-R&amp;c%5b0%5d=AT1Q4JDjQOL2J_pImPOiu11TKi2_6siehpjYInYIVMGVD_p21FmVk4J88xglbfv0TwE8rOe_AzPWosDgfMoRd0JjsZx_X6cJ6A8B6Ja9MkZQ7384YmqVwxtzb_zIEz4_IKxV9xm_YGLkmO4r_6qYSaqRbw8qyrpJj9-xs8v1P7C-mkkbP9s8bn19pkGrle-eVgX_fm20KBG7\">https:\/\/doi.org\/10.5194\/egusphere-egu23-3834<\/a>, 2023.<\/li>\n<li>Barrancos, J., Padilla, G. D., Meli\u00e1n, G. V., Rodr\u00edguez, F., Asensio-Ramos, M., Padr\u00f3n, E., Hern\u00e1ndez, P. A., Vilches Sarasate, J., and P\u00e9rez, N. M.: Using tunable diode laser (TDL) system in urban environments to measure anomalous CO2 concentrations: the case of Puerto Naos, La Palma, Canary Islands, EGU General Assembly 2023, Vienna, Austria, 24\u201328 Apr 2023, EGU23-3819, <a href=\"https:\/\/l.facebook.com\/l.php?u=https%3A%2F%2Fdoi.org%2F10.5194%2Fegusphere-egu23-3819%3Ffbclid%3DIwAR0sffCrpcUfCqtn0C8zeMIXiPjoUYQblvtA6jgMNy88kulcAunr3Sc3AiU&amp;h=AT2kzl5HuvG6EAh5MYIsXvZ_0DI9RkHDlFNYVI1fBaKsdTi-E37djCJWpncxass3ESr5CCn0-iuoBJt-nZgXfelFjwGhptwl1qTIKTxz--b0mGzxJ1A0EmEma5G1oTroCw&amp;__tn__=-UK-R&amp;c%5b0%5d=AT1Q4JDjQOL2J_pImPOiu11TKi2_6siehpjYInYIVMGVD_p21FmVk4J88xglbfv0TwE8rOe_AzPWosDgfMoRd0JjsZx_X6cJ6A8B6Ja9MkZQ7384YmqVwxtzb_zIEz4_IKxV9xm_YGLkmO4r_6qYSaqRbw8qyrpJj9-xs8v1P7C-mkkbP9s8bn19pkGrle-eVgX_fm20KBG7\">https:\/\/doi.org\/10.5194\/egusphere-egu23-3819<\/a>, 2023.<\/li>\n<\/ol>\n<p>Session NH2.1: Permanent gas emissions in volcanic areas \u2013 a silent hazard | PICO<\/p>\n<p>Convener: F\u00e1tima Viveiros | Co-conveners: Nemesio M. P\u00e9rez, Claire Horwell, Diana Linhares<\/p>\n<ol start=\"14\">\n<li>Hern\u00e1ndez, P. A., Meli\u00e1n, G. V., Rodr\u00edguez, F., \u00c1lvarez D\u00edaz, A. J., Padilla, G. D., Asensio-ramos, M., Barrancos, J., Calvo, D., Padr\u00f3n, E., Gonz\u00e1lez P\u00e9rez, A. M., and P\u00e9rez, N. M.: CO2 hazard monitoring in the inhabited area of La Bombilla (La Palma, Canary Islands) by means of diffuse degassing studies, EGU General Assembly 2023, Vienna, Austria, 24\u201328 Apr 2023, EGU23-3931, <a href=\"https:\/\/l.facebook.com\/l.php?u=https%3A%2F%2Fdoi.org%2F10.5194%2Fegusphere-egu23-3931%3Ffbclid%3DIwAR2R5d2aP8Kgjx1gF9hw9XF3bdyTAAN8QSrpzcCpO6Uw4Dn8zrWArPmkzfo&amp;h=AT2lN0Mhf8To7DaG0qI6exkaMk_JamDobPAVwsmZwa5f2hi7yuy9ozbry3icpYXUHUOnBY91Cbzk_P8AHoIUEDmxQrXBxyyhkVXAVe-DGoeEY1U7jmeSV73sYS52tqHPYw&amp;__tn__=-UK-R&amp;c%5b0%5d=AT1Q4JDjQOL2J_pImPOiu11TKi2_6siehpjYInYIVMGVD_p21FmVk4J88xglbfv0TwE8rOe_AzPWosDgfMoRd0JjsZx_X6cJ6A8B6Ja9MkZQ7384YmqVwxtzb_zIEz4_IKxV9xm_YGLkmO4r_6qYSaqRbw8qyrpJj9-xs8v1P7C-mkkbP9s8bn19pkGrle-eVgX_fm20KBG7\">https:\/\/doi.org\/10.5194\/egusphere-egu23-3931<\/a>, 2023.<\/li>\n<li>Meli\u00e1n, G. V., Hern\u00e1ndez, P. A., Rodr\u00edguez, F., Alv\u00e1rez D\u00edaz, A. J., Padilla, G. D., Asensio-Ramos, M., Barrancos, J., Calvo, D., Padr\u00f3n, E., Gonz\u00e1lez P\u00e9rez, A. M., and P\u00e9rez, N. M.: Anomalous CO2 concentrations of volcanic origing in the ambient air of banana plantations at La Palma, Canary Islands, EGU General Assembly 2023, Vienna, Austria, 24\u201328 Apr 2023, EGU23-4411, <a href=\"https:\/\/doi.org\/10.5194\/egusphere-egu23-4411?fbclid=IwAR3_u3mGvbaR7EtIxQ1EN34KBlG_8wMycoSfF3iL3fT5nNBIsJeiiPY_Cm8\">https:\/\/doi.org\/10.5194\/egusphere-egu23-4411<\/a>, 2023.<\/li>\n<li>Padilla, G. D., Barrancos, J., Hern\u00e1ndez, P. A., \u00c1lvarez D\u00edaz, A. J., P\u00e9rez, N. M., Gonz\u00e1lez P\u00e9rez, A. M., Santana, J. M., Pacheco, J. M., Viveiros, F., Weber, K., and Vilches Sarasate, J.: Air CO2 monitoring network in the urban areas of Puerto Naos and La Bombilla, La Palma, Canary Islands, EGU General Assembly 2023, Vienna, Austria, 24\u201328 Apr 2023, EGU23-4188, <a href=\"https:\/\/l.facebook.com\/l.php?u=https%3A%2F%2Fdoi.org%2F10.5194%2Fegusphere-egu23-4188%3Ffbclid%3DIwAR3k6vUxl42ixQ2WAC_2h1DyXdcgepGSspQxMqbGPbN70hNFzOrO5mK5MlI&amp;h=AT2RZzhO2lPUwW3-O9DS7fYukhWzAzT3wILEh6UDcag-jcvG51BUUPTEKAO1bUsDGHnbL6i1HI_yoLNBHzQZc1WHVEiqas6S6t5ebaRKEi5Ee3EcNNiQCtFb1m_Pgi_lpw&amp;__tn__=-UK-R&amp;c%5b0%5d=AT1Q4JDjQOL2J_pImPOiu11TKi2_6siehpjYInYIVMGVD_p21FmVk4J88xglbfv0TwE8rOe_AzPWosDgfMoRd0JjsZx_X6cJ6A8B6Ja9MkZQ7384YmqVwxtzb_zIEz4_IKxV9xm_YGLkmO4r_6qYSaqRbw8qyrpJj9-xs8v1P7C-mkkbP9s8bn19pkGrle-eVgX_fm20KBG7\">https:\/\/doi.org\/10.5194\/egusphere-egu23-4188<\/a>, 2023.<\/li>\n<li>Rodr\u00edguez, N., Asensio-Ramos, M., Meli\u00e1n, G. V., Amonte, C., \u00c1lvarez D\u00edaz, A. J., Gonz\u00e1lez P\u00e9rez, A. M., Rodr\u00edguez, F., Padilla, G. D., Barrancos, J., D\u2019Auria, L., Hern\u00e1ndez, P. A., and P\u00e9rez, N. M.: CO2 hazard mapping in the buildings of La Bombilla and Puerto Naos (La Palma, Canary Islands) using of alkaline traps, EGU General Assembly 2023, Vienna, Austria, 24\u201328 Apr 2023, EGU23-3643, <a href=\"https:\/\/l.facebook.com\/l.php?u=https%3A%2F%2Fdoi.org%2F10.5194%2Fegusphere-egu23-3643%3Ffbclid%3DIwAR3axN2qVQjDTSF4UipXLEHiz3K2-filtI6EejDHSmLARE1t120_way9lj4&amp;h=AT1d8B3EOmvTp5eBWvQbjFndRJKDbBAxn0y_pPqDmcpqWn7mBC-e7GHEmU9Q4Ei9fv0E8kDTHzj87qirrgW9u9tkmLCZJDrr9gdCpiDiCRgqZdAxVq7pcBWPpnQolMyetA&amp;__tn__=-UK-R&amp;c%5b0%5d=AT1Q4JDjQOL2J_pImPOiu11TKi2_6siehpjYInYIVMGVD_p21FmVk4J88xglbfv0TwE8rOe_AzPWosDgfMoRd0JjsZx_X6cJ6A8B6Ja9MkZQ7384YmqVwxtzb_zIEz4_IKxV9xm_YGLkmO4r_6qYSaqRbw8qyrpJj9-xs8v1P7C-mkkbP9s8bn19pkGrle-eVgX_fm20KBG7\">https:\/\/doi.org\/10.5194\/egusphere-egu23-3643<\/a>, 2023.<\/li>\n<li>Rodr\u00edguez, F., Asensio-Ramos, M., Meli\u00e1n, G. V., Hern\u00e1ndez, P. A., Amonte, C., \u00c1lvarez D\u00edaz, A. J., Gonz\u00e1lez P\u00e9rez, A. M., Calvo, D., Padilla, G. D., Barrancos, J., Ortega, V., Cabrera, I., Padr\u00f3n, E., D\u2019Auria, L., and P\u00e9rez, N. M.: Chemical and isotopic composition of the indoor ambient air of Puerto Naos and La Bombilla, La Palma, Canary Islands, EGU General Assembly 2023, Vienna, Austria, 24\u201328 Apr 2023, EGU23-6431, <a href=\"https:\/\/l.facebook.com\/l.php?u=https%3A%2F%2Fdoi.org%2F10.5194%2Fegusphere-egu23-6431%3Ffbclid%3DIwAR39wvRohjOM0gnlEaxS0AEIwNZUCam91RYyEWwLIK9TJ7DpN94uemy07y0&amp;h=AT0cCTBX6Y9DzS8xNEBAXBgXmjVDcsxjYVLtTBuBEMX4CjsgE3WgHqkoi_J-W-dAiAw4h9QemxeujpZv3ac_k6hqUkv6SQsls66YKMY8QVg5XshfTD4pOacCS3OnvlmRlA&amp;__tn__=-UK-R&amp;c%5b0%5d=AT1Q4JDjQOL2J_pImPOiu11TKi2_6siehpjYInYIVMGVD_p21FmVk4J88xglbfv0TwE8rOe_AzPWosDgfMoRd0JjsZx_X6cJ6A8B6Ja9MkZQ7384YmqVwxtzb_zIEz4_IKxV9xm_YGLkmO4r_6qYSaqRbw8qyrpJj9-xs8v1P7C-mkkbP9s8bn19pkGrle-eVgX_fm20KBG7\">https:\/\/doi.org\/10.5194\/egusphere-egu23-6431<\/a>, 2023.<\/li>\n<li>Oliveira, S., Viveiros, F., Pacheco, J., Henriques, D., Moutinho, A., P\u00e8rez, N., and Hern\u00e1ndez, P.: Periodical behaviour of air CO2 time series after Cumbre Vieja volcanic eruption, EGU General Assembly 2023, Vienna, Austria, 24\u201328 Apr 2023, EGU23-7546, <a href=\"https:\/\/l.facebook.com\/l.php?u=https%3A%2F%2Fdoi.org%2F10.5194%2Fegusphere-egu23-7546%3Ffbclid%3DIwAR1DCcaSFPAj32FtBYGCpms27vZ8IoM5iy5bYroj-ZFDKTY8dcmGgJgzDBc&amp;h=AT2ZoUzvQCCYtrszlO8DJfo9F6EQ6GrizLYjE_B0q7keuU2eoXvCcwygFurweEKcYXfihzbtUjCKIgnNP-mYN6AXFAWUWWsb_tPDuMnU6pXO6BwA6r10W9o3M2GD6_FLjw&amp;__tn__=-UK-R&amp;c%5b0%5d=AT1Q4JDjQOL2J_pImPOiu11TKi2_6siehpjYInYIVMGVD_p21FmVk4J88xglbfv0TwE8rOe_AzPWosDgfMoRd0JjsZx_X6cJ6A8B6Ja9MkZQ7384YmqVwxtzb_zIEz4_IKxV9xm_YGLkmO4r_6qYSaqRbw8qyrpJj9-xs8v1P7C-mkkbP9s8bn19pkGrle-eVgX_fm20KBG7\">https:\/\/doi.org\/10.5194\/egusphere-egu23-7546<\/a>, 2023.<\/li>\n<\/ol>\n<p>Session GMPV9.3: Geochemical monitoring of volcanic systems: methods, findings, and perspectives.<\/p>\n<p>Convener: Marcello Liotta | Co-conveners: F\u00e1tima Viveiros, Carlo Cardellini<\/p>\n<ol start=\"20\">\n<li>Padr\u00f3n, E., Meli\u00e1n, G. V., Asensio-Ramos, M., Hern\u00e1ndez, P. A., P\u00e9rez, N. M., Rodr\u00edguez, F., Amonte, C., Mart\u00edn, A., D\u2019Auria, L., and Sumino, H.: Temporal variations in fumarole gas chemistry at Teide volcano, Tenerife, Canary Islands, EGU General Assembly 2023, Vienna, Austria, 24\u201328 Apr 2023, EGU23-5995, <a href=\"https:\/\/l.facebook.com\/l.php?u=https%3A%2F%2Fdoi.org%2F10.5194%2Fegusphere-egu23-5995%3Ffbclid%3DIwAR0sffCrpcUfCqtn0C8zeMIXiPjoUYQblvtA6jgMNy88kulcAunr3Sc3AiU&amp;h=AT2oDsdhajqJunFdYvoiJpW1-5nje4nLBTOc-yJZK3yFGmgXZWjamA4Ay8sJu626GuBw4aPbjm5Qp1_S2I8dXxY64vaPHtUFGuod4b9tznmyJdQQRCzltPI-bx3kcWxzUg&amp;__tn__=-UK-R&amp;c%5b0%5d=AT1Q4JDjQOL2J_pImPOiu11TKi2_6siehpjYInYIVMGVD_p21FmVk4J88xglbfv0TwE8rOe_AzPWosDgfMoRd0JjsZx_X6cJ6A8B6Ja9MkZQ7384YmqVwxtzb_zIEz4_IKxV9xm_YGLkmO4r_6qYSaqRbw8qyrpJj9-xs8v1P7C-mkkbP9s8bn19pkGrle-eVgX_fm20KBG7\">https:\/\/doi.org\/10.5194\/egusphere-egu23-5995<\/a>, 2023.<\/li>\n<li>Amonte, C., Padr\u00f3n, E., Meli\u00e1n, G. V., Asensio-Ramos, M., Rodr\u00edguez, F., Padilla, G. D., Barrancos, J., D\u2019Auria, L., Hern\u00e1ndez, P. A., and P\u00e9rez, N. M.: Anomalous diffuse CO2 emission from the summit crater of Teide volcano and changes of seismic activity in and around Tenerife, Canary Islands, EGU General Assembly 2023, Vienna, Austria, 24\u201328 Apr 2023, EGU23-7410, <a href=\"https:\/\/l.facebook.com\/l.php?u=https%3A%2F%2Fdoi.org%2F10.5194%2Fegusphere-egu23-7410%3Ffbclid%3DIwAR0S8TL6_YQL731Do0VAEHR_H0X_WFyP2eqRaiORiQjIK8-R7gyaoyUawFg&amp;h=AT09NIxcNpIWqwoogYVlsboBrpvwnXkd0b-AidBf9KWxquILu1xx4ed6pflW3j0VhSTJqFoYgU9QbczyTB-8h3tNmDXZYRYZ4UU2MY1NnoiIOn771qYQEXnrJOk-sgvpvQ&amp;__tn__=-UK-R&amp;c%5b0%5d=AT1Q4JDjQOL2J_pImPOiu11TKi2_6siehpjYInYIVMGVD_p21FmVk4J88xglbfv0TwE8rOe_AzPWosDgfMoRd0JjsZx_X6cJ6A8B6Ja9MkZQ7384YmqVwxtzb_zIEz4_IKxV9xm_YGLkmO4r_6qYSaqRbw8qyrpJj9-xs8v1P7C-mkkbP9s8bn19pkGrle-eVgX_fm20KBG7\">https:\/\/doi.org\/10.5194\/egusphere-egu23-7410<\/a>, 2023.<\/li>\n<li>Ortega-Ramos, V., P\u00e9rez, N. M., Dinardo, D., Pitti, L., Amonte, C., Asensio-Ramos, M., Pankhurst, M. J., Barrancos, J., Meli\u00e1n, G. V., Hern\u00e1ndez, P. A., Silva, S., Montrond, E. J., and Cardoso, N.: Diffuse CO2 degassing and low-temperature anomalies prior the 2014-15 Fogo eruption, Cape Verde, EGU General Assembly 2023, Vienna, Austria, 24\u201328 Apr 2023, EGU23-9895, <a href=\"https:\/\/l.facebook.com\/l.php?u=https%3A%2F%2Fdoi.org%2F10.5194%2Fegusphere-egu23-9895%3Ffbclid%3DIwAR3lyIQhi2bRNlXa34Lyg20wmkcde5bgscT8HYh4E0twX9LYBBho4duTlWk&amp;h=AT1eOyrgD5jqpSZ9VaXyL7ldjVYRFqX7fj8EDUwJRf071-ofPtDfixftPr6pQ-d3zgRyqzRH5AjrfKMqn3mVtg5W1lIWcnCfsD6bhg6MJ7m78mjLX7MYCUTS-AN11kI6Bg&amp;__tn__=-UK-R&amp;c%5b0%5d=AT1Q4JDjQOL2J_pImPOiu11TKi2_6siehpjYInYIVMGVD_p21FmVk4J88xglbfv0TwE8rOe_AzPWosDgfMoRd0JjsZx_X6cJ6A8B6Ja9MkZQ7384YmqVwxtzb_zIEz4_IKxV9xm_YGLkmO4r_6qYSaqRbw8qyrpJj9-xs8v1P7C-mkkbP9s8bn19pkGrle-eVgX_fm20KBG7\">https:\/\/doi.org\/10.5194\/egusphere-egu23-9895<\/a>, 2023.<\/li>\n<li>Asensio-Ramos, M., Santana, J. M., Smit, M., Matias, D., P\u00e9rez, N. M., Viveiros, F., D\u2019Auria, L., Przeor, M., Meli\u00e1n, G. V., Padr\u00f3n, E., Hern\u00e1ndez, P. A., Silva, C., and Rodr\u00edguez, F.: Soil He and H2 degassing during the recent seismic crisis of S\u00e3o Jorge Island, Azores, EGU General Assembly 2023, Vienna, Austria, 24\u201328 Apr 2023, EGU23-6185, <a href=\"https:\/\/l.facebook.com\/l.php?u=https%3A%2F%2Fdoi.org%2F10.5194%2Fegusphere-egu23-6185%3Ffbclid%3DIwAR0Vy5iYSfdNhmeaml4zOKzA_5FyEqLyNTZpt9_41w3LBYdaUj144R9Y_nE&amp;h=AT2AWV8X1UIB0VMjKhwDUllUsNsfh0ypsH0zljSTNw4qY3q9rcTVmFjdC2ZW1nLY9Zyjl-jB76F57B_5lS0DzZfS0frGSlgGPGS27X_VpDYtLoo30-85_IIr9oy45BQc5w&amp;__tn__=-UK-R&amp;c%5b0%5d=AT1Q4JDjQOL2J_pImPOiu11TKi2_6siehpjYInYIVMGVD_p21FmVk4J88xglbfv0TwE8rOe_AzPWosDgfMoRd0JjsZx_X6cJ6A8B6Ja9MkZQ7384YmqVwxtzb_zIEz4_IKxV9xm_YGLkmO4r_6qYSaqRbw8qyrpJj9-xs8v1P7C-mkkbP9s8bn19pkGrle-eVgX_fm20KBG7\">https:\/\/doi.org\/10.5194\/egusphere-egu23-6185<\/a>, 2023.<\/li>\n<li>Pitti, L., Meli\u00e1n, G. V., Rodr\u00edguez, F., Padr\u00f3n, E., P\u00e9rez, N. M., Asensio-Ramos, M., Mart\u00edn, A., Di Nardo, D., Santana Le\u00f3n, J. M., Ortega-Ramos, V., Garc\u00eda-Hern\u00e1ndez, R., Mart\u00ednez van Dorth, D., and Hern\u00e1ndez, P. A.: Diffuse CO2 emission from NERZ and NWRZ Tenerife volcanic systems, Canary Islands, EGU General Assembly 2023, Vienna, Austria, 24\u201328 Apr 2023, EGU23-6561, <a href=\"https:\/\/l.facebook.com\/l.php?u=https%3A%2F%2Fdoi.org%2F10.5194%2Fegusphere-egu23-6561%3Ffbclid%3DIwAR1A3WHAAel6A4pNqUHn2JFxtYYquT5zmPhKs5EiIWzFPJ8rIOZM61Kh4GY&amp;h=AT2tExmtOAOyZkr9JwEmA_8hRG_b7ZdZ8entjnFZ6FcXFpKiZpU65NuK8LVbqLcULchMzao3nvqY5PamVZLGQxsDcDHHaboki-fEB1bEHdrU2w9hu6MKB8pNa-PD4cZ0zQ&amp;__tn__=-UK-R&amp;c%5b0%5d=AT1Q4JDjQOL2J_pImPOiu11TKi2_6siehpjYInYIVMGVD_p21FmVk4J88xglbfv0TwE8rOe_AzPWosDgfMoRd0JjsZx_X6cJ6A8B6Ja9MkZQ7384YmqVwxtzb_zIEz4_IKxV9xm_YGLkmO4r_6qYSaqRbw8qyrpJj9-xs8v1P7C-mkkbP9s8bn19pkGrle-eVgX_fm20KBG7\">https:\/\/doi.org\/10.5194\/egusphere-egu23-6561<\/a>, 2023.<\/li>\n<li>. Albertos, V. T., Hern\u00e1ndez, P. A., Meli\u00e1n, G. V., \u00c1lvarez D\u00edaz, A. J., Mart\u00edn-Lorenzo, A., Padr\u00f3n, E., and P\u00e9rez, N. M.: Diffuse CO2 and H2S degassing from Tajogaite volcanic cone, La Palma, Canary Islands, EGU General Assembly 2023, Vienna, Austria, 24\u201328 Apr 2023, EGU23-9916, <a href=\"https:\/\/doi.org\/10.5194\/egusphere-egu23-9916?fbclid=IwAR03T4gmGjlUkx-IzjAL-bR_5B8kxpZtsGr4UtM86wlP5mZy3-u122FRZNE\">https:\/\/doi.org\/10.5194\/egusphere-egu23-9916<\/a>, 2023.<\/li>\n<li>Santana de Le\u00f3n, J. M., Hern\u00e1ndez, P. A., Meli\u00e1n, G. V., Padilla, G. D., \u00c1lvarez D\u00edaz, A. J., Amonte, C., Rodr\u00edguez, F., Asensio-Ramos, M., Barrancos, J., Pitti, L., Mart\u00edn D\u00edaz, J., and P\u00e9rez, N. M.: Monitoring of acid gases at the crater of Tajogaite volcano using alkaline traps, La Palma, Canary Islands, EGU General Assembly 2023, Vienna, Austria, 24\u201328 Apr 2023, EGU23-13349, <a href=\"https:\/\/doi.org\/10.5194\/egusphere-egu23-13349?fbclid=IwAR3_u3mGvbaR7EtIxQ1EN34KBlG_8wMycoSfF3iL3fT5nNBIsJeiiPY_Cm8\">https:\/\/doi.org\/10.5194\/egusphere-egu23-13349<\/a>, 2023.<\/li>\n<li>Di Nardo, D., Hern\u00e1ndez, W., Rodr\u00edguez, C., Rodr\u00edguez, F., Barrancos, J., Padr\u00f3n, E., Meli\u00e1n, G. V., Padilla, G. D., P\u00e9rez, N. M., Asensio-Ramos, M., and Hern\u00e1ndez, P. A.: Twenty four years of geochemical monitoring of the oceanic active volcanic island of El Hierro, Canary Islands, EGU General Assembly 2023, Vienna, Austria, 24\u201328 Apr 2023, EGU23-4517, <a href=\"https:\/\/l.facebook.com\/l.php?u=https%3A%2F%2Fdoi.org%2F10.5194%2Fegusphere-egu23-4517%3Ffbclid%3DIwAR04HDTnSQGkSk7Wm0spwbJRIMZGKkI6DdwuXpyLMCQ8Q7eDpuwCXtSZC-w&amp;h=AT1Jv6JvW9H0k4Ib7P_0CyrJ4d-y9apxdO1Lh-JqbUMYqfHX4dejf5gxxiYzLE517kqplzl8oLLTXSmJ6svD1jCV2LJZkI9Arm6jOqwXOyDe3cv8uAOfHPQvQSuFI8GfZw&amp;__tn__=-UK-R&amp;c%5b0%5d=AT1Q4JDjQOL2J_pImPOiu11TKi2_6siehpjYInYIVMGVD_p21FmVk4J88xglbfv0TwE8rOe_AzPWosDgfMoRd0JjsZx_X6cJ6A8B6Ja9MkZQ7384YmqVwxtzb_zIEz4_IKxV9xm_YGLkmO4r_6qYSaqRbw8qyrpJj9-xs8v1P7C-mkkbP9s8bn19pkGrle-eVgX_fm20KBG7\">https:\/\/doi.org\/10.5194\/egusphere-egu23-4517<\/a>, 2023.<\/li>\n<li>Mart\u00ednez van Dorth, D., Di Nardo, D., D. Padilla, G., A. Hern\u00e1ndez, P., Rodr\u00edguez, F., V. Meli\u00e1n, G., Asensio-Ramos, M., Padr\u00f3n, E., and P\u00e9rez, N.: Diffuse CO2 emission from Timanfaya volcano (Lanzarote, Canary Islands) during the period 1999-2022, EGU General Assembly 2023, Vienna, Austria, 24\u201328 Apr 2023, EGU23-4414, <a href=\"https:\/\/l.facebook.com\/l.php?u=https%3A%2F%2Fdoi.org%2F10.5194%2Fegusphere-egu23-4414%3Ffbclid%3DIwAR0XlaPJkvB7r9l9_sCPDKAGc8f0LuxlY3lZHdYdGGAEY7ROTRxTXWQJfYA&amp;h=AT0Gz9khm1jVw7Cuvl5wzBW0UNwc-J3XevMWy41Shv48QjHqqMvahe8HRuQIYJeIXY3Xd8JkllwnhYC_i3gyXHQvYRhIS-ErrOmQaKeIiMCpa61FO7r1sHMdGXAuQ_q26w&amp;__tn__=-UK-R&amp;c%5b0%5d=AT1Q4JDjQOL2J_pImPOiu11TKi2_6siehpjYInYIVMGVD_p21FmVk4J88xglbfv0TwE8rOe_AzPWosDgfMoRd0JjsZx_X6cJ6A8B6Ja9MkZQ7384YmqVwxtzb_zIEz4_IKxV9xm_YGLkmO4r_6qYSaqRbw8qyrpJj9-xs8v1P7C-mkkbP9s8bn19pkGrle-eVgX_fm20KBG7\">https:\/\/doi.org\/10.5194\/egusphere-egu23-4414<\/a>, 2023.<\/li>\n<\/ol>\n<p>Session GMPV8.5: Volcanic plumes: insights into volcanic emissions and their impacts on the environment, atmosphere and climate<\/p>\n<p>Convener: Pasquale Sellitto | Co-conveners: Giuseppe G. Salerno, Corinna Kloss, Tjarda Roberts<\/p>\n<ol start=\"29\">\n<li>Pacheco, J., Henriques, D., Oliveira, S., Moutinho, A., Viveiros, F., Henriques, D., Hern\u00e1ndez, P., and P\u00e8rez, N.: Ground-based volcanic ash detection with low-cost sensors \u2013 a case study at the 2021 Cumbre Vieja eruption, EGU General Assembly 2023, Vienna, Austria, 24\u201328 Apr 2023, EGU23-9128, <a href=\"https:\/\/l.facebook.com\/l.php?u=https%3A%2F%2Fdoi.org%2F10.5194%2Fegusphere-egu23-9128%3Ffbclid%3DIwAR0xU3E0mhuTM2fG9e1tEsuJkvYmYclT7l51GkNgzDwse61zQNN_nRIXMU0&amp;h=AT0d45oYIs27JTXDovCrW5UVYSGjL2_8MI0EFIxDTMiDAWAdjr9hl8Hlx9szkLpxgO3xT2vtn1JCIA2BmenzlmG19szNrTa119pwumHD2v427wQ6JDlKYdQZjk7eOuJ0mA&amp;__tn__=-UK-R&amp;c%5b0%5d=AT1Q4JDjQOL2J_pImPOiu11TKi2_6siehpjYInYIVMGVD_p21FmVk4J88xglbfv0TwE8rOe_AzPWosDgfMoRd0JjsZx_X6cJ6A8B6Ja9MkZQ7384YmqVwxtzb_zIEz4_IKxV9xm_YGLkmO4r_6qYSaqRbw8qyrpJj9-xs8v1P7C-mkkbP9s8bn19pkGrle-eVgX_fm20KBG7\">https:\/\/doi.org\/10.5194\/egusphere-egu23-9128<\/a>, 2023.<\/li>\n<\/ol>\n<p>Session GM11.1: Cultural and social relevance of geodiversity and geoheritage<\/p>\n<p>Convener: Lucie Kubal\u00edkov\u00e1 | Co-conveners: Paola Coratza, M\u00e1rton P\u00e1l, Lidia Selmi, Vittoria Vandelli<\/p>\n<ol start=\"30\">\n<li>Hern\u00e1ndez, W., D\u00f3niz-P\u00e1ez, J., Beltr\u00e1n-Yanes, E., Becerra-Ram\u00edrez, R., Hern\u00e1ndez, P. A., and P\u00e9rez, N. M.: Geoturism in a volcanic sites: El Hierro UNESCO Global geopark (Canary Islands, Spain), EGU General Assembly 2023, Vienna, Austria, 24\u201328 Apr 2023, EGU23-4420, <a href=\"https:\/\/l.facebook.com\/l.php?u=https%3A%2F%2Fdoi.org%2F10.5194%2Fegusphere-egu23-4420%3Ffbclid%3DIwAR3fMeuAzOm8VJ-yY9PKg03X-rGE7IhXB0OI4RRn7mYBkp-F7ACjFZeMKqo&amp;h=AT31cj6v38V8c_YT2RMj5DTHP17_hsclwg1w77MpEbFahGZWQ6WtjdN5s_T4QeOhsS7TcLU7lqpy428eAeM9ymwtHd5KKD2dFQXWNq6NYCTDBHzKMqfTw5Z-umn9ttOlnA&amp;__tn__=-UK-R&amp;c%5b0%5d=AT1Q4JDjQOL2J_pImPOiu11TKi2_6siehpjYInYIVMGVD_p21FmVk4J88xglbfv0TwE8rOe_AzPWosDgfMoRd0JjsZx_X6cJ6A8B6Ja9MkZQ7384YmqVwxtzb_zIEz4_IKxV9xm_YGLkmO4r_6qYSaqRbw8qyrpJj9-xs8v1P7C-mkkbP9s8bn19pkGrle-eVgX_fm20KBG7\">https:\/\/doi.org\/10.5194\/egusphere-egu23-4420<\/a>, 2023.<\/li>\n<li>Garc\u00eda-Hern\u00e1ndez, R., D\u00f3niz-P\u00e1ez, J., Beltr\u00e1n-Yanes, E., P\u00e9rez, N. M., and Hern\u00e1ndez, P. A.: Geographical heritage in natural protected areas of Tenerife (Canary Islands, Spain) , EGU General Assembly 2023, Vienna, Austria, 24\u201328 Apr 2023, EGU23-7925, <a href=\"https:\/\/doi.org\/10.5194\/egusphere-egu23-7925?fbclid=IwAR0RG4GThzIfg_rZ47hhGrcXUcGXVLCFsC0k107LMGQ7zQAWFEno7nxzl2I\">https:\/\/doi.org\/10.5194\/egusphere-egu23-7925<\/a>, 2023.<\/li>\n<li>D\u00f3niz-Pa\u00e9z, J., P\u00e9rez, N. M., Hern\u00e1ndez, P. A., Beltr\u00e1n-Yanes, E., P\u00e9rez, Y., Padr\u00f3n, N., Delgado, N., Reyes, J. C., Duarte, M., Paim, M., Correia, A., Viera, I., Alfama, V., Silva, S. V., Martins, C., Pereira, J. M., Vasconcelos, M., and Delgado, A.: VOLTURMAC project: a bet of INTERREG V Spain-Portugal program for the development of volcano-tourism in the Macaronesia region, EGU General Assembly 2023, Vienna, Austria, 24\u201328 Apr 2023, EGU23-4489, <a href=\"https:\/\/l.facebook.com\/l.php?u=https%3A%2F%2Fdoi.org%2F10.5194%2Fegusphere-egu23-4489%3Ffbclid%3DIwAR3KtoyMAG626zPXXHMcZ2CSrakaPS-JSHotYf-LsCr-qEftbRC0II9N2N8&amp;h=AT2h3lRQ-juPC3c6Ct2FJTQRfez8E7uNNpEzuEg8tj1vvuKXjfEFqrnO-4sHU8ALjyvljDEH1t15OR2WhDzBsK42aVQ67RW-sMvxVHehX-HylQKwQ9YcPk8WWqEJGPGxGQ&amp;__tn__=-UK-R&amp;c%5b0%5d=AT1Q4JDjQOL2J_pImPOiu11TKi2_6siehpjYInYIVMGVD_p21FmVk4J88xglbfv0TwE8rOe_AzPWosDgfMoRd0JjsZx_X6cJ6A8B6Ja9MkZQ7384YmqVwxtzb_zIEz4_IKxV9xm_YGLkmO4r_6qYSaqRbw8qyrpJj9-xs8v1P7C-mkkbP9s8bn19pkGrle-eVgX_fm20KBG7\">https:\/\/doi.org\/10.5194\/egusphere-egu23-4489<\/a>, 2023.<\/li>\n<li>Leal Moreno, V. J., D\u00f3niz-P\u00e1ez, J., Di Nardo, D., Albertos, V. T., P\u00e9rez, N. M., Hern\u00e1ndez, P. A., Garc\u00eda-Romero, L., and Marrero-Rodr\u00edguez, N.: Urban geotourism in the historic center of Las Palmas de Gran Canaria (Canary Islands, Spain), EGU General Assembly 2023, Vienna, Austria, 24\u201328 Apr 2023, EGU23-4441, <a href=\"https:\/\/l.facebook.com\/l.php?u=https%3A%2F%2Fdoi.org%2F10.5194%2Fegusphere-egu23-4441%3Ffbclid%3DIwAR0Hl90YNw-fEhss6dFeFyLDglpEJaaGluw3NFbL0tJxZcFWSHJi1DyMLOo&amp;h=AT3fVJ0F_s1ff5dHwqKyRvQ_vDQ6wMLRw9fIDLV7loihTbKi3UKmod0ElzhzoklNVcekCuzRhfXRb7hVsBI-Tz60zT32mR3Sq0Pnx3i2CtBFWj086vWVy_H27q0TsbAGKQ&amp;__tn__=-UK-R&amp;c%5b0%5d=AT1Q4JDjQOL2J_pImPOiu11TKi2_6siehpjYInYIVMGVD_p21FmVk4J88xglbfv0TwE8rOe_AzPWosDgfMoRd0JjsZx_X6cJ6A8B6Ja9MkZQ7384YmqVwxtzb_zIEz4_IKxV9xm_YGLkmO4r_6qYSaqRbw8qyrpJj9-xs8v1P7C-mkkbP9s8bn19pkGrle-eVgX_fm20KBG7\">https:\/\/doi.org\/10.5194\/egusphere-egu23-4441<\/a>, 2023.<\/li>\n<\/ol>\n<h3>2022<\/h3>\n<p>&nbsp;<\/p>\n<div class=\"fusion-row\">\n<section id=\"content\" class=\" portfolio-full\">\n<article id=\"post-15909\" class=\"post-15909 avada_portfolio type-avada_portfolio status-publish format-standard has-post-thumbnail hentry portfolio_category-destacados-genomica portfolio_category-eerr_producto portfolio_category-producto-genomica portfolio_category-ma_producto portfolio_category-tec_producto portfolio_category-productos-publicaciones-cientifico-tecnicas portfolio_skills-producto\">\n<div class=\"project-content\">\n<div class=\"project-description post-content\">\n<div class=\"fusion-fullwidth fullwidth-box fusion-builder-row-1 hundred-percent-fullwidth non-hundred-percent-height-scrolling\">\n<div class=\"fusion-builder-row fusion-row\">\n<div class=\"fusion-layout-column fusion_builder_column fusion-builder-column-0 fusion_builder_column_1_1 1_1 fusion-one-full fusion-column-first fusion-column-last fusion-column-no-min-height\">\n<div class=\"fusion-column-wrapper fusion-flex-column-wrapper-legacy\">\n<div class=\"fusion-tabs fusion-tabs-1 clean nav-is-justified filtradopublicaciones horizontal-tabs icon-position-left mobile-mode-accordion\">\n<div class=\"tab-content\">\n<div id=\"tab-9e05dd57e2869b76ed9\" class=\"tab-pane fade fusion-clearfix active in\" tabindex=\"0\" role=\"tabpanel\" aria-labelledby=\"fusion-tab-2022\">\n<h2 class=\"fusion-responsive-typography-calculated\" data-fontsize=\"15\" data-lineheight=\"45px\">Renewable Energy Area<\/h2>\n<h3 class=\"fusion-responsive-typography-calculated\" data-fontsize=\"15\" data-lineheight=\"25.65px\">8th World Conference on Photovoltaic Energy Conversion \u00b7 Mil\u00e1n (Italia) \u00b7 26\u201330 September 2022<\/h3>\n<p>L. Oca\u00f1a, C. Montes, B. Gonz\u00e1lez-Diaz, S. Gonz\u00e1lez-P\u00e9rez, E. Llarena. <b>Testing EVA, PMMA and PVDF Encapsulated<span class=\"highlight\"> Perovskite Solar <\/span>Cells in a Climatic Chamber by Following the International Summit on Organic Photovoltaic Stability (ISOS-T) Protocols<\/b><strong>. <\/strong>WCPEC-8 Proceedings. DOI: <a href=\"https:\/\/www.eupvsec-proceedings.com\/proceedings?fulltext&amp;paper=51154\" target=\"_blank\" rel=\"noopener\">10.4229\/WCPEC-82022-2AV.1.16.<\/a>(Proyecto MACLAB-PV)  <\/p>\n<p>C. Montes, L. Oca\u00f1a, B. Gonz\u00e1lez-Diaz, S. Gonz\u00e1lez-P\u00e9rez, E. Llarena. <b><span class=\"highlight\">Perovskite Solar <\/span>Cells Prepared in Ambient Conditions based on an HTM-Free Architecture that has a Back Contact Deposited from a Paste made with Graphite, Black Carbon, Mai and PVDF Dispersed in Chlorobenzene<\/b><strong>.<\/strong> WCPEC-8 Proceedings. DOI: <a href=\"https:\/\/www.eupvsec-proceedings.com\/proceedings?fulltext&amp;paper=51439\" target=\"_blank\" rel=\"noopener\">10.4229\/WCPEC-82022-2AV.1.35.<\/a>(Proyecto MACLAB-PV) <\/p>\n<h2 class=\"fusion-responsive-typography-calculated\" data-fontsize=\"15\" data-lineheight=\"45px\">Genomics Area<\/h2>\n<p>Hu X, Kim JS, Ma SF, Huang Y, Oldham JM, Allen RJ, Lorenzo-Salazar JM, Molyneaux PL, Joseph C, Guillen-Guio B, Hern\u00e1ndez-Beeftink T, Kropski J, Lee CT, Adegunsoye A, Pugashetti JV, Linderholm AL, Vo V, Strek ME, Hubbard R, Hirani N, Whyte MKB, Hart S, Nicholson AG, Lancaster L, Parfrey H, Rassl D, Wallace W, Valenzi E, Zhang Y, Stockwell A, Kaminski N, Wolters PJ, Molina-Molina M, Martinez FJ, Hall IP, Tobin MD, Maher TM, Blackwell TS, Yaspan BL, Jenkins RG, Wain LV, Flores C, Noth I, Manichaikul A. <strong>Integrating Gene Expression with Genome-wide Association Summary Statistics to Identify Genes Associated with Idiopathic Pulmonary Fibrosis Survival. <\/strong>American Thoracic Society (ATS) meeting 2022, San Francisco, 13-18 May 2022. Am J Respir Crit Care Med 2022;205:A2326 Poster presentation. URL: <a href=\"https:\/\/www.atsconferencenews.org\/\">https:\/\/www.atsconferencenews.org\/<\/a>   <\/p>\n<p>Tosco-Herrera E, Alonso-Gonzalez A, V\u00e9liz-Flores I, Rodr\u00edguez de-Castro F, Perona R, Fern\u00e1ndez-Vara B, Alem\u00e1n-Segura D, Rodr\u00edguez-Le\u00f3n A, \u00cd\u00f1igo-Campos A, Rubio-Rodr\u00edguez LA, Mendoza-Alvarez A, Lorenzo-Salazar JM, Gonz\u00e1lez-Montelongo R, Flores C. <strong>Identification of genetic variants causing Familial Pulmonary Fibrosis in individuals from the Canary Islands (Spain).<\/strong> XV Conference on updating in human genetics of the Spanish Association of Human Genetics, Barcelona, 22 April 2022. Poster presentation. URL: <a href=\"https:\/\/aegh.org\/xv-jornada-de-actualizacion-en-genetica-humana\/\">https:\/\/aegh.org\/xv-jornada-de-actualizacion-en-genetica-humana\/<\/a>  <\/p>\n<p>Tosco-Herrera E, Mendoza-Alvarez A, Rodriguez-Perez H, Mu\u00f1oz-Barrera A, I\u00f1igo-Campos A, Corrales A, Martinez Bugallo F, Prieto Morin C, Gonz\u00e1lez-Montelongo R, Lorenzo-Salazar JM, Ciuffreda L, Marcelino-Rodriguez I, Flores C. <strong>Evaluation of bioinformatics tools for prioritisation of disease-causing variants in whole exome data<\/strong>. XV Conference on updating in human genetics of the Spanish Association of Human Genetics, Barcelona, 22 April 2022. Poster presentation. URL: <a href=\"https:\/\/aegh.org\/xv-jornada-de-actualizacion-en-genetica-humana\/\">https:\/\/aegh.org\/xv-jornada-de-actualizacion-en-genetica-humana\/<\/a>   <\/p>\n<p>J\u00e1spez D, Mu\u00f1oz-Barrera A, Rubio-Rodr\u00edguez LA, \u00cd\u00f1igo-Campos A, D\u00edaz-de Usera A, Lorenzo-Salazar JM, Gonz\u00e1lez-Montelongo R, Garc\u00eda-Olivares VM, Flores C. <strong>Sex determination and experience in control samples in next generation sequencing.<\/strong> XV Jornada de actualizaci\u00f3n en gen\u00e9tica humana de la Asociaci\u00f3n Espa\u00f1ola de Gen\u00e9tica Humana, Barcelona, 22 April 2022. Poster presentation. URL: <a href=\"https:\/\/www.geyseco.es\/genetica22\/index.php?go=programa\">https:\/\/www.geyseco.es\/genetica22\/index.php?go=programa<\/a>  <\/p>\n<p>J\u00e1spez D, Mu\u00f1oz-Barrera A, Rubio-Rodr\u00edguez LA, Afonso Gonz\u00e1lez E, \u00cd\u00f1igo-Campos A, D\u00edaz-de Usera A, Lorenzo-Salazar JM, Flores C, Garc\u00eda-Olivares VM, Gonz\u00e1lez-Montelongo R. <strong>Evaluation of different commercial DNA extraction solutions from saliva for whole exome sequencing.<\/strong> 15th Update Conference on Human Genetics of the Spanish Association of Human Genetics, Barcelona, 22 April 2022. Poster presentation. URL: <a href=\"https:\/\/www.geyseco.es\/genetica22\/index.php?go=programa\">https:\/\/www.geyseco.es\/genetica22\/index.php?go=programa<\/a>  <\/p>\n<p>Gonz\u00e1lez-Barbuzano S, Guill\u00e9n-Guio B, Gonz\u00e1lez-Montelongo R, Callero A, Garcia-Robaina JC, Corrales A, Hern\u00e1ndez-Carballo C, Lorenzo-Salazar JM, Flores C, Marcelino-Rodr\u00edguez I. <strong>Evaluation of polygenic risk scores for asthma in a patient with COVID-19<\/strong>. 17th Student Congress of the Chemistry Section, 26-28 April 2022, San Crist\u00f3bal de La Laguna, Spain. Poster presentation. URL: <a href=\"https:\/\/www.ull.es\/portal\/agenda\/evento\/xvii-edicion-del-congreso-de-estudiantes-de-la-seccion-de-quimica\/\">https:\/\/www.ull.es\/portal\/agenda\/evento\/xvii-edicion-del-congreso-de-estudiantes-de-la-seccion-de-quimica\/<\/a>  <\/p>\n<p>Ram\u00edrez Falc\u00f3n M, Garc\u00eda Olivares V, Rubio-Rodr\u00edguez LA, Mu\u00f1oz-Barrera A, D\u00edaz-de Usera A, J\u00e1spez D, \u00cd\u00f1igo-Campos A, Lorenzo-Salazar JM, Gonz\u00e1lez-Montelongo R, Rodr\u00edguez P\u00e9rez MdC, Cabrera de Le\u00f3n A, Flores C, Marcelino Rodr\u00edguez I. <strong>Variation in human mitogenomes and their association with various phenotypes.<\/strong> 17th Student Congress of the Chemistry Section, 26-28 April 2022, San Crist\u00f3bal de La Laguna, Spain. Poster presentation. URL: <a href=\"https:\/\/www.ull.es\/portal\/agenda\/evento\/xvii-edicion-del-congreso-de-estudiantes-de-la-seccion-de-quimica\/\">https:\/\/www.ull.es\/portal\/agenda\/evento\/xvii-edicion-del-congreso-de-estudiantes-de-la-seccion-de-quimica\/<\/a>  <\/p>\n<p>Suarez-Pajes E, Hernandez-Beeftink T, Guillen-Guio B, Rubio-Rodr\u00edguez LA, Garc\u00eda-Laorden MI, Corrales A, Prieto Gonz\u00e1lez M, Rodr\u00edguez-P\u00e9rez A, Carriedo D, Blanco J, Ambr\u00f3s A, Gonz\u00e1lez-Higueras E, Espinosa E, Muriel A, Dom\u00ednguez D, Garc\u00eda de-Lorenzo A, A\u00f1\u00f3n JM, Soro M, Villar J, Flores C. <strong>Genome-wide association studies of serum VEGFR1 protein at different times after sepsis diagnosis. <\/strong>European Human Genetics Conference 2022, Viena, 11-14 June. Poster presentation. URL: <a href=\"https:\/\/2022.eshg.org\/\">https:\/\/2022.eshg.org\/<\/a>  <\/p>\n<p>Tosco-Herrera E, Alonso-Gonzalez A, V\u00e9liz-Flores I, Rodr\u00edguez de-Castro F, Perona R, Fern\u00e1ndez-Vara B, Alem\u00e1n-Segura D, Rodr\u00edguez-Le\u00f3n A, \u00cd\u00f1igo-Campos A, Rubio-Rodr\u00edguez LA, Mendoza-Alvarez A, Lorenzo-Salazar JM, Gonz\u00e1lez-Montelongo R, Flores C. <strong>A screening of the genetic causes of Familial Pulmonary Fibrosis in patients from the Canary Islands (Spain). <\/strong>European Human Genetics Conference 2022, Viena, 11-14 June. Poster presentation. URL: <a href=\"https:\/\/2022.eshg.org\/\">https:\/\/2022.eshg.org\/<\/a>  <\/p>\n<p>Mendoza-Alvarez A, Rosa A, Sousa F, C\u00e2mara R, Mu\u00f1oz-Barrera A, Marcelino-Rodriguez I, Tosco-Herrera E, Corrales A, I\u00f1igo-Campos A, Gonz\u00e1lez-Montelongo R, Lorenzo-Salazar JM, Flores C. <strong>Identification of a novel SERPING1 indel variant causing Hereditary Angioedema type I in a patient from Madeira. <\/strong>European Human Genetics Conference 2022, Viena, 11-14 June. Poster presentation. URL: <a href=\"https:\/\/2022.eshg.org\/\">https:\/\/2022.eshg.org\/<\/a>  <\/p>\n<p>Hernandez-Beeftink T, Paynton ML, Suarez-Pajes E, Guillen-Guio B, Lorenzo-Salazar JM, Corrales A, Prieto-Gonz\u00e1lez M, Rodr\u00edguez-P\u00e9rez A, Carriedo D, Blanco J, Ambr\u00f3s A, Gonz\u00e1lez-Higueras E, Espinosa E, Muriel A, Dom\u00ednguez D, Garc\u00eda de-Lorenzo, A\u00f1\u00f3n JM, Soro M, Wain LV, Villar J, Flores C. <strong>Association study of HLA genes with acute respiratory distress syndrome susceptibility in patients with sepsis<\/strong>. European Human Genetics Conference 2022, Viena, 11-14 June. Poster presentation. URL: <a href=\"https:\/\/2022.eshg.org\/\">https:\/\/2022.eshg.org\/<\/a>   <\/p>\n<p>Mu\u00f1oz-Barrera A., Garc\u00eda-Olivares V., Rubio-Rodr\u00edguez L.A., Lorenzo-Salazar J.M., Gonz\u00e1lez-Montelongo R., Flores C. <strong>Unmasking small and structural variation in the IKBKG gene with short- and long-read sequencing technologies. <\/strong>European Human Genetics Conference 2022, Viena, 11-14 June. Poster presentation.  <a href=\"https:\/\/2022.eshg.org\/\" target=\"_blank\" rel=\"noopener\">https:\/\/2022.eshg.org\/<\/a><\/p>\n<p>Alonso-Gonzalez A, Tosco-Herrera E, V\u00e9liz-Flores I, Rodr\u00edguez de-Castro F, Perona R, Fern\u00e1ndez-Vara B, Alem\u00e1n-Segura D, Rodr\u00edguez-Le\u00f3n A, \u00cd\u00f1igo-Campos A, Rubio-Rodr\u00edguez LA, Mendoza-Alvarez A, Lorenzo-Salazar JM, Gonz\u00e1lez-Montelongo R, Flores C. <strong>An exome sequencing study of patients with Familial Pulmonary Fibrosis from the Canary Islands (Spain). <\/strong>Clinical Genomics and NGS, 34th Course jointly organized by ESHG and CeUB, Viena, 7-13 May 2022. Poster presentation. URL: <a href=\"https:\/\/www.ceub.it\/events\/event\/clinical-genomics-and-ngs-4\/\">https:\/\/www.ceub.it\/events\/event\/clinical-genomics-and-ngs-4\/<\/a>  <\/p>\n<p>Ciuffreda L, Gonz\u00e1lez-Montelongo R, Alcoba-Florez J, Garc\u00eda-Mart\u00ednez de Artola D, Gil-Campesino H, Rodr\u00edguez-P\u00e9rez H, \u00cd\u00f1igo-Campos A, De Miguel-Mart\u00ednez I, Tosco Nu\u00f1ez T, D\u00edez-Gil O, Valenzuela-Fern\u00e1ndez A, Lorenzo-Salazar JM, Flores C. <strong>Evolution of COVID-19 in the Canary Islands through genomic surveillance of SARS-CoV-2 variants of concern between December 2020 and September 2021<\/strong>. 25th National Congress of the Spanish Society of Infectious Diseases and Clinical Microbiology, Granada, 2-4 June 2022. Poster presentation. URL: <a href=\"https:\/\/seimc2022.org\/index.php\/bienvenida\">https:\/\/seimc2022.org\/index.php\/bienvenida<\/a>  <\/p>\n<p>Tosco-Herrera E, Alonso-Gonzalez A, V\u00e9liz-Flores I, Rodr\u00edguez de-Castro F, Perona R, Fern\u00e1ndez-Vara B, Rubio-Rodr\u00edguez LA, Lorenzo-Salazar JM, Gonz\u00e1lez-Montelongo R, Flores C. <strong>A Study of the Genetic Etiology of Familial Pulmonary Fibrosis in Patients from the Canary Islands (Spain). <\/strong>The 2022 Annual Meeting of the International Genetic Epidemiology Society, 7-9 September 2022, Par\u00eds. Genetic Epidemiology 46: 539. Poster presentation. URL: <a href=\"https:\/\/www.geneticepi.org\/2022-annual-meeting-website\">https:\/\/www.geneticepi.org\/2022-annual-meeting-website<\/a>   <\/p>\n<p>Alonso-Gonzalez A, Tosco-Herrera E, V\u00e9liz-Flores I, Rodr\u00edguez de-Castro F, Perona R, Fern\u00e1ndez-Vara B, Alem\u00e1n-Segura D, Rodr\u00edguez-Le\u00f3n A, \u00cd\u00f1igo-Campos A, Rubio-Rodr\u00edguez LA, Mendoza-Alvarez A, Lorenzo-Salazar JM, Gonz\u00e1lez-Montelongo R, Flores C. <strong>A novel variant in NAF1 gene causes pulmonary fibrosis in a family from the Canary Islands, Spain. <\/strong>Variant Effect Prediction Training Course, 20-22 September 2022, Online. Poster presentation. URL: <a href=\"https:\/\/veptc.variome.org\/\">https:\/\/veptc.variome.org\/<\/a>  <\/p>\n<p>Mendoza-Alvarez A, Tosco-Herrera E, Alonso-Gonzalez A, Mu\u00f1oz-Barrera A, Rubio-Rodriguez LA, Marcelino-Rodriguez I, Corrales A, I\u00f1igo-Campos A, Gonz\u00e1lez-Montelongo R, Lorenzo-Salazar JM, Callero A, Flores C. <strong>A novel splicing variant in SERPING1 as a cause of hereditary angioedema in a family from the Canary Islands, Spain. <\/strong>Variant Effect Prediction Training Course, 20-22 September 2022, Online. Poster presentation. URL: <a href=\"https:\/\/veptc.variome.org\/\">https:\/\/veptc.variome.org\/<\/a>  <\/p>\n<p>Alonso S, Garc\u00eda O, Izagirre N, Garc\u00eda-de-Galdeano A, Gonz\u00e1lez-Montelongo R, Lorenzo-Salazar JM, Flores C, L\u00f3pez S, Veeramah KR, Hellenthal G, Thomas MC. <strong>Population structure and selection analysis in NGS data from the Cameroonian population<\/strong>. 22nd Congress of the Spanish Society of Physical Anthropology, 27-29 September 2022, Santa Cruz de Tenerife, Spain. Oral presentation. URL: <a href=\"https:\/\/congresoseaf.museosdetenerife.org\/wp-content\/uploads\/2022\/09\/Libro-de-resumenes.pdf\">https:\/\/congresoseaf.museosdetenerife.org\/wp-content\/uploads\/2022\/09\/Libro-de-resumenes.pdf<\/a>   <\/p>\n<p>Mu\u00f1oz-Barrera A, Garc\u00eda-Olivares V, Lorenzo-Salazar JM, Zaragoza-Trello C, Rubio-Rodr\u00edguez LA, D\u00edaz-de-Usera A, I\u00f1igo-Campos A, Gonz\u00e1lez-Montelongo R, Flores C. <strong>Evaluation of human mitochondrial DNA haplogroup classification tools from whole genome and exome sequencing data<\/strong>. 22nd Congress of the Spanish Society of Physical Anthropology, 27-29 September 2022, Santa Cruz de Tenerife, Spain. Oral presentation. URL: <a href=\"https:\/\/congresoseaf.museosdetenerife.org\/wp-content\/uploads\/2022\/09\/Libro-de-resumenes.pdf\">https:\/\/congresoseaf.museosdetenerife.org\/wp-content\/uploads\/2022\/09\/Libro-de-resumenes.pdf<\/a>  <\/p>\n<p>Ram\u00edrez Falc\u00f3n M, Rubio-Rodr\u00edguez LA, Mu\u00f1oz-Barrera A, D\u00edaz-de Usera A, J\u00e1spez D, \u00cd\u00f1igo-Campos A, Lorenzo-Salazar JM, Gonz\u00e1lez-Montelongo R, Rodr\u00edguez P\u00e9rez MdC, Cabrera de Le\u00f3n A, Flores C, Garc\u00eda Olivares V, Marcelino Rodr\u00edguez I. <strong>Variation in human mitogenomes and their association with various phenotypes<\/strong>. 22nd Congress of the Spanish Society of Physical Anthropology, 27-29 September 2022, Santa Cruz de Tenerife, Spain. Oral presentation. URL: <a href=\"https:\/\/congresoseaf.museosdetenerife.org\/wp-content\/uploads\/2022\/09\/Libro-de-resumenes.pdf\">https:\/\/congresoseaf.museosdetenerife.org\/wp-content\/uploads\/2022\/09\/Libro-de-resumenes.pdf<\/a>  <\/p>\n<p>J\u00e1spez D, Garc\u00eda-Olivares V, Mu\u00f1oz-Barrera A, Rubio-Rodr\u00edguez LA, D\u00edaz-de-Usera A, I\u00f1igo-Campos A, Veeramah KR, Alonso S, Thomas MG, Lorenzo-Salazar JM, Gonz\u00e1lez-Montelongo R, Flores C. <strong>Evaluation of human Y-chromosome haplogroup classification tools from whole genome and exome sequencing data<\/strong>. 22nd Congress of the Spanish Society of Physical Anthropology, 27-29 September 2022, Santa Cruz de Tenerife, Spain. Oral presentation. URL: <a href=\"https:\/\/congresoseaf.museosdetenerife.org\/wp-content\/uploads\/2022\/09\/Libro-de-resumenes.pdf\">https:\/\/congresoseaf.museosdetenerife.org\/wp-content\/uploads\/2022\/09\/Libro-de-resumenes.pdf<\/a>  <\/p>\n<p>Rubio-Rodr\u00edguez LA, D\u00edaz-de-Usera A, Lorenzo-Salazar JM, Mu\u00f1oz-Barrera A, Guillen-Guio B, J\u00e1spez D, Garc\u00eda-Olivares V, Corrales A, I\u00f1igo-Campos A, Marcelino-Rodr\u00edguez I, Cabrera-de-Le\u00f3n A, Gonz\u00e1lez-Montelongo R, Flores C. <strong>Evidence of positive selection in the PRUNE1 gene in Canary Islands and North African populations.<\/strong> 22nd Congress of the Spanish Society of Physical Anthropology, 27-29 September 2022, Santa Cruz de Tenerife, Spain. Oral presentation. URL: <a href=\"https:\/\/congresoseaf.museosdetenerife.org\/wp-content\/uploads\/2022\/09\/Libro-de-resumenes.pdf\">https:\/\/congresoseaf.museosdetenerife.org\/wp-content\/uploads\/2022\/09\/Libro-de-resumenes.pdf<\/a>  <\/p>\n<p>Lorenzo Salazar JM, Gonz\u00e1lez-Montelongo R, Mu\u00f1oz-Barrera A, Rubio-Rodr\u00edguez LA, D\u00edaz-de-Usera A, Garc\u00eda-Olivares V, I\u00f1igo-Campos A, Mendoza-\u00c1lvarez A, Guillen-Guio B, Marcelino-Rodr\u00edguez I, Corrales A, Serra-Vidal G, Comas D, Flores C. <strong>Search for signals of natural selection and adaptation in the genome of contemporary Canarians<\/strong>. 22nd Congress of the Spanish Society of Physical Anthropology, 27-29 September 2022, Santa Cruz de Tenerife, Spain. Oral presentation. URL: <a href=\"https:\/\/congresoseaf.museosdetenerife.org\/wp-content\/uploads\/2022\/09\/Libro-de-resumenes.pdf\">https:\/\/congresoseaf.museosdetenerife.org\/wp-content\/uploads\/2022\/09\/Libro-de-resumenes.pdf<\/a>  <\/p>\n<p>Garc\u00eda-Olivares V, Rubio-Rodr\u00edguez LA, Mu\u00f1oz-Barrera A, D\u00edaz-de-Usera A, J\u00e1spez D, I\u00f1igo-Campos A, Rodr\u00edguez-P\u00e9rez MC, Cabrera-de-Le\u00f3n A, Lorenzo-Salazar JM, Gonz\u00e1lez-Montelongo R, Cabrera VM, Flores C. <strong>Analysis of admixture strata in contemporary Canarians from mitogenome analysis.<\/strong> 22nd Congress of the Spanish Society of Physical Anthropology, 27-29 September 2022, Santa Cruz de Tenerife, Spain. Oral presentation. URL: <a href=\"https:\/\/congresoseaf.museosdetenerife.org\/wp-content\/uploads\/2022\/09\/Libro-de-resumenes.pdf\">https:\/\/congresoseaf.museosdetenerife.org\/wp-content\/uploads\/2022\/09\/Libro-de-resumenes.pdf<\/a>  <\/p>\n<p>Allen RJ, Oldham JM, Jenkins DA, Leavy OC, Guillen-Guio B, Melbourne CA, Ma SF, Jou J, Kim JS, CleanUP-IPF Investigators of the Pulmonary Trials Cooperative, Fahy WA, Oballa E, Hubbard RB, Navaratnam V, Braybrooke R, Saini G, Roach KM, Tobin MD, Hirani N, Whyte MKB, Kaminski N, Zhang Y, Martinez FJ, Linderholm AL, Adegunsoye A, Strek ME, Maher TM, Molyneaux PL, Flores C, Noth I, Jenkins RG, Wain LV. <strong>Genome-wide analysis of longitudinal lung function and gas transfer in individuals with idiopathic pulmonary fibrosis<\/strong>. 21st Colloquium on Lung and Airway Fibrosis (ICLAF), 1-5 October 2022, Reykjavik (Island). Oral presentation. URL: <a href=\"https:\/\/www.iclaf.org\/\">https:\/\/www.iclaf.org\/<\/a>   <\/p>\n<p>Guillen-Guio B, Allen RJ, Croot E, Kraven LM, Moss S, Stewart I, Hern\u00e1ndez-Beeftink T, Suarez-Pajes E, Flores C, Jenkins RG, Wain LV. <strong>Genetic overlap between COVID\u221219, idiopathic pulmonary fibrosis and acute respiratory distress s\u00edndrome. <\/strong>21st Colloquium on Lung and Airway Fibrosis (ICLAF), 1-5 October 2022, Reykjavik (Island). Poster presentation. URL: <a href=\"https:\/\/www.iclaf.org\/\">https:\/\/www.iclaf.org\/<\/a>   <\/p>\n<p>Chin DPW, Allen RJ, Guillen-Guio B, Leavy OC, Reynolds C, Cullinan P, Martinez F, Noth I, CleanUP-IPF Investigators of the Pulmonary Trials Cooperative, Booth HL, Fahy WA, Hall IP, Hart SP, Hill MR, Hirani N, Hubbard RB, Maher TM, McAnulty RJ, Millar AB, Molyneaux PL, Navaratnam V, Oballa E, Parfrey H, Saini G, Sayers I, Tobin MD, Whyte MKB, Adegunsoye A, Flores C, Kaminski N, Ma SF, Oldham JM, Strek ME, Zhang Y, Fingerlin TE, Schwartz DA, Molina-Molina M, Donoghue L, Neighbors M, Sheng X, Stockwell A, Yaspan BL, Jenkins RG, Wain LV. <strong>Improved genomic coverage and sample size for fine-mapping and gene discovery for idiopathic pulmonary fibrosis. <\/strong>21st Colloquium on Lung and Airway Fibrosis (ICLAF), 1-5 October 2022, Reykjavik (Island). Oral presentation. URL: <a href=\"https:\/\/www.iclaf.org\/\">https:\/\/www.iclaf.org\/<\/a>   <\/p>\n<p>Lorenzo-Salazar JM, Tosco-Herrera E, Alonso-Gonzalez A, V\u00e9liz-Flores I, Rodr\u00edguez de-Castro F, Perona R, Fern\u00e1ndez-Vara B, Alem\u00e1n-Segura D, Rodr\u00edguez-Le\u00f3n A, \u00cd\u00f1igo-Campos A, Rubio-Rodr\u00edguez LA, Mendoza-Alvarez A, Gonz\u00e1lez-Montelongo R, Flores C. <strong>Exome sequencing in families with idiopathic pulmonary fibrosis from the Canary Islands (Spain). <\/strong>21st Colloquium on Lung and Airway Fibrosis (ICLAF), 1-5 October 2022, Reykjavik (Island). Poster presentation. URL: <a href=\"https:\/\/www.iclaf.org\/\">https:\/\/www.iclaf.org\/<\/a>  <\/p>\n<p>Partanen JJ, H\u00e4pp\u00f6l\u00e4 P, Zhou W, Lehisto AA, Ainola M, Sutinen E, Allen RJ, Stockwell AD, Leavy OC, Oldham JM, Guillen-Guio B, Cox NJ, Hirbo JB, Schwartz D, Fingerlin TE, Flores C, Noth I, Yaspan BL, Jenkins RG, Wain LV, Ripatti S, Pirinen M, International IPF Genetics Consortium, Global Biobank Meta-analysis Initiative, Laitinen T, Kaarteenaho R, Myll\u00e4rniemi M, Daly MJ, Koskela JT. <strong>Leveraging global multi-ancestry meta-analysis in the study of Idiopathic Pulmonary Fibrosis genetics. <\/strong>American Society of Human Genetics Annual Meeting 2022, 25-29 October 2022, Los Angeles, USA. Oral presentation. URL: <a href=\"https:\/\/www.ashg.org\/meetings\/2022-annual-meeting\/\">https:\/\/www.ashg.org\/meetings\/2022-annual-meeting\/<\/a>   <\/p>\n<p>Andrews A, The COVID-19 Host Genetics Initiative. <strong>Novel genetic associations underlying symptom severity and infection susceptibility to SARS-CoV-2. <\/strong>American Society of Human Genetics Annual Meeting 2022, 25-29 October 2022, Los Angeles, USA. Oral presentation. URL: <a href=\"https:\/\/www.ashg.org\/meetings\/2022-annual-meeting\/\">https:\/\/www.ashg.org\/meetings\/2022-annual-meeting\/<\/a>   <\/p>\n<p>Allen RJ, Oldham JM, Jenkins DA, Leavy OC, Guillen-Guio B, Melbourne CA, Ma SF, Jou J, Kim JS, CleanUP-IPF Investigators of the Pulmonary Trials Cooperative, Fahy WA, Oballa E, Hubbard RB, Navaratnam V, Braybrooke R, Saini G, Roach KM, Tobin MD, Hirani N, Whyte MKB, Kaminski N, Zhang Y, Martinez FJ, Linderholm AL, Adegunsoye A, Strek ME, Maher TM, Molyneaux PL, Flores C, Noth I, Jenkins RG, Wain LV. <strong>Genome-wide analysis of longitudinal lung function and gas transfer in individuals with idiopathic pulmonary fibrosis. <\/strong>British Thoracic Society winter meeting 2022, 23-25 November 2022, London, United Kingdom. Oral presentation. URL: <a href=\"https:\/\/www.brit-thoracic.org.uk\/education-and-events\/winter-meeting\/\">https:\/\/www.brit-thoracic.org.uk\/education-and-events\/winter-meeting\/<\/a>   <\/p>\n<p>Guillen-Guio B, Allen RJ, Leavy OC, Hern\u00e1ndez-Beeftink T, Suarez-Pajes E, Jenkins RG, Flores C, Wain LV. <strong>Genetic overlap study between acute respiratory distress syndrome and idiopathic pulmonary fibrosis. <\/strong>British Thoracic Society winter meeting 2022, 23-25 November 2022, London, United Kingdom. Thorax 2022, 77 (S1): A1\u2013A229. Award for best presentation. Oral presentation. URL: <a href=\"https:\/\/www.brit-thoracic.org.uk\/education-and-events\/winter-meeting\/\">https:\/\/www.brit-thoracic.org.uk\/education-and-events\/winter-meeting\/<\/a>     <\/p>\n<p>Ram\u00edrez Falc\u00f3n M, Rubio-Rodr\u00edguez LA, Mu\u00f1oz-Barrera A, D\u00edaz-de Usera A, J\u00e1spez D, \u00cd\u00f1igo-Campos A, Lorenzo-Salazar JM, Gonz\u00e1lez-Montelongo R, Rodr\u00edguez P\u00e9rez MdC, Cabrera de Le\u00f3n A, Flores C, Garc\u00eda Olivares V, Marcelino Rodr\u00edguez I. <strong>Human mitogenome variation and genotype-phenotype associations.<\/strong> 4th Canary Islands Young Researchers Congress and 2nd International Congress of Young Researchers, 17-18 November 2022, San Crist\u00f3bal de La Laguna, Spain. Poster presentation. URL: <a href=\"https:\/\/asociacionjinte.wordpress.com\/iv-congreso-de-jovenes-investigadores-as-de-canarias-y-ii-congreso-internacional-de-jovenes-por-la-investigacion\/\">https:\/\/asociacionjinte.wordpress.com\/iv-congreso-de-jovenes-investigadores-as-de-canarias-y-ii-congreso-internacional-de-jovenes-por-la-investigacion\/<\/a>  <\/p>\n<p>D\u00edaz-de Usera A, Rubio-Rodr\u00edguez LA, Mu\u00f1oz-Barrera A, Rodr\u00edguez-P\u00e9rez H, Lorenzo-Salazar JM, Guillen-Guio B, Garc\u00eda-Olivares V, Corrales A, \u00cd\u00f1igo-Campos A, Flores C, Gonz\u00e1lez-Montelongo R, Marcelino-Rodr\u00edguez I. <strong>Assessment of pharmacogenetic variants by means of different approaches<\/strong>. 4th Canary Islands Young Researchers Congress and 2nd International Congress of Young Researchers, 17-18 November 2022, San Crist\u00f3bal de La Laguna, Spain. Oral presentation. URL: <a href=\"https:\/\/asociacionjinte.wordpress.com\/iv-congreso-de-jovenes-investigadores-as-de-canarias-y-ii-congreso-internacional-de-jovenes-por-la-investigacion\/\">https:\/\/asociacionjinte.wordpress.com\/iv-congreso-de-jovenes-investigadores-as-de-canarias-y-ii-congreso-internacional-de-jovenes-por-la-investigacion\/<\/a>  <\/p>\n<p>Alonso-Gonz\u00e1lez A, Tosco-Herrera E, Veliz-Flores I, Rodr\u00edguez de-Castro F, Perona R, Fern\u00e1ndez-Vara B, Alem\u00e1n-Segura D, Rodr\u00edguez-Le\u00f3n A, \u00cd\u00f1igo-Campos A, Rubio-Rodr\u00edguez L, Mendoza-\u00c1lvarez A, Lorenzo-Salazar JM, Gonz\u00e1lez-Montelongo R, Flores C. <strong>Search for causal genetic variants of pulmonary fibrosis in families from Gran Canaria.<\/strong> 4th Canary Islands Young Researchers Congress and 2nd International Congress of Young Researchers, 17-18 November 2022, San Crist\u00f3bal de La Laguna, Spain. Poster presentation. URL: <a href=\"https:\/\/asociacionjinte.wordpress.com\/iv-congreso-de-jovenes-investigadores-as-de-canarias-y-ii-congreso-internacional-de-jovenes-por-la-investigacion\/\">https:\/\/asociacionjinte.wordpress.com\/iv-congreso-de-jovenes-investigadores-as-de-canarias-y-ii-congreso-internacional-de-jovenes-por-la-investigacion\/<\/a>   <\/p>\n<p>Mendoza-Alvarez A, Tosco-Herrera E, Alonso-Gonzalez A, Mu\u00f1oz-Barrera A, Rubio-Rodriguez LA, Marcelino-Rodriguez I, Corrales A, I\u00f1igo-Campos A, Almeida-Quintana L, Martin-Fernandez E, Martinez-Beltran D, Almeida-Sanchez Z, Cruz-Niesvara D, Hern\u00e1ndez-Santana G, Gonz\u00e1lez-Montelongo R, Lorenzo-Salazar JM, Garcia-Robaina JC, Callero A, Flores C. <strong>Hereditary angioedema in the Canary Islands: towards a precision diagnosis<\/strong>. 4th Canary Islands Young Researchers Congress and 2nd International Congress of Young Researchers, 17-18 November 2022, San Crist\u00f3bal de La Laguna, Spain. Poster presentation. URL: <a href=\"https:\/\/asociacionjinte.wordpress.com\/iv-congreso-de-jovenes-investigadores-as-de-canarias-y-ii-congreso-internacional-de-jovenes-por-la-investigacion\/\">https:\/\/asociacionjinte.wordpress.com\/iv-congreso-de-jovenes-investigadores-as-de-canarias-y-ii-congreso-internacional-de-jovenes-por-la-investigacion\/<\/a>  <\/p>\n<p>Ciuffreda L, Alcoba-Florez J, Lorenzo-Salazar JM, Gil-Campesino H, Garc\u00eda-Mart\u00ednez de Artola D, D\u00edez-Gil O, Rodr\u00edguez-P\u00e9rez H, Mu\u00f1oz-Barrera A, \u00cd\u00f1igo-Campos A, Rodr\u00edguez-N\u00fa\u00f1ez J, Salas-Hern\u00e1ndez J, Valenzuela-Fern\u00e1ndez A, Gonz\u00e1lez-Montelongo R, Flores C. <strong>Genomic surveillance of SARS-CoV-2 VOCs in the Canary Islands. <\/strong>4th Canary Islands Young Researchers Congress and 2nd International Congress of Young Researchers, 17-18 November 2022, San Crist\u00f3bal de La Laguna, Spain. Oral presentation. URL: <a href=\"https:\/\/asociacionjinte.wordpress.com\/iv-congreso-de-jovenes-investigadores-as-de-canarias-y-ii-congreso-internacional-de-jovenes-por-la-investigacion\/\">https:\/\/asociacionjinte.wordpress.com\/iv-congreso-de-jovenes-investigadores-as-de-canarias-y-ii-congreso-internacional-de-jovenes-por-la-investigacion\/<\/a>  <\/p>\n<p>Suarez-Pajes E, Hernandez-Beeftink T, Guillen-Guio B, Rubio-Rodr\u00edguez LA, Garc\u00eda-Laorden MI, Corrales A, Prieto-Gonz\u00e1lez M, Rodr\u00edguez-P\u00e9rez A, Carriedo D, Blanco J, Ambr\u00f3s A, Gonz\u00e1lez-Higueras E, Espinosa E, Muriel-Bombin A, Dom\u00ednguez D, Garc\u00eda-de-Lorenzo A, A\u00f1on JM, Soro M, Villar J, Flores C. <strong>Genetic loci associated with VEGFR1 serum levels after sepsis diagnosis.<\/strong> 4th Canary Islands Young Researchers Congress and 2nd International Congress of Young Researchers, 17-18 November 2022, San Crist\u00f3bal de La Laguna, Spain. Oral presentation. URL: <a href=\"https:\/\/asociacionjinte.wordpress.com\/iv-congreso-de-jovenes-investigadores-as-de-canarias-y-ii-congreso-internacional-de-jovenes-por-la-investigacion\/\">https:\/\/asociacionjinte.wordpress.com\/iv-congreso-de-jovenes-investigadores-as-de-canarias-y-ii-congreso-internacional-de-jovenes-por-la-investigacion\/<\/a>  <\/p>\n<p>Gonz\u00e1lez-Barbuzano S, Guill\u00e9n-Guio B, Gonz\u00e1lez-Montelongo R, Callero A, Garcia-Robaina JC, Corrales A, Hern\u00e1ndez-Carballo C, Lorenzo-Salazar JM, Flores C, Marcelino-Rodr\u00edguez I, SCOURGE cohort group. <strong>Prognosis of critical COVID-19 using polygenic risk scores of asthma. <\/strong>4th Canary Islands Young Researchers Congress and 2nd International Congress of Young Researchers, 17-18 November 2022, San Crist\u00f3bal de La Laguna, Spain. Poster presentation. URL: <a href=\"https:\/\/asociacionjinte.wordpress.com\/iv-congreso-de-jovenes-investigadores-as-de-canarias-y-ii-congreso-internacional-de-jovenes-por-la-investigacion\/\">https:\/\/asociacionjinte.wordpress.com\/iv-congreso-de-jovenes-investigadores-as-de-canarias-y-ii-congreso-internacional-de-jovenes-por-la-investigacion\/<\/a>  <\/p>\n<p>Veliz-Flores I, Rodr\u00edguez de-Castro F, Galv\u00e1n Fern\u00e1ndez H, Alonso-Gonz\u00e1lez A, Tosco-Herrera E, Perona R, Fern\u00e1ndez-Vara B, \u00cd\u00f1igo-Campos A, Corrales A, Rubio-Rodr\u00edguez L, Mendoza-\u00c1lvarez A, Lorenzo-Salazar JM, Gonz\u00e1lez-Montelongo R, Flores C. <strong>Genetic basis of familial pulmonary fibrosis. <\/strong>Description of two families. 36th Neumocan, 11-12 November 2022, La Palma. Award for best oral presentation. Oral presentation. URL: <a href=\"https:\/\/asociacionjinte.wordpress.com\/iv-congreso-de-jovenes-investigadores-as-de-canarias-y-ii-congreso-internacional-de-jovenes-por-la-investigacion\/\">https:\/\/asociacionjinte.wordpress.com\/iv-congreso-de-jovenes-investigadores-as-de-canarias-y-ii-congreso-internacional-de-jovenes-por-la-investigacion\/<\/a>    <\/p>\n<h2 class=\"fusion-responsive-typography-calculated\" data-fontsize=\"15\" data-lineheight=\"45px\">Technology Area<\/h2>\n<h3 class=\"fusion-responsive-typography-calculated\" data-fontsize=\"15\" data-lineheight=\"25.65px\"><b>XII Congress of the Spanish Association of Climatology (AEC)<\/b> &#8211; Santiago de Compostela &#8211; 19 -21 October 2022<\/h3>\n<p>S. Hern\u00e1ndez Barrera, J. Carrillo P\u00e9rez, A. J. Gonz\u00e1lez Fern\u00e1ndez, J. C. P\u00e9rez Darias, F. J. Exp\u00f3sito Gonz\u00e1lez, J. P. D\u00edaz Gonz\u00e1lez, J. Rodr\u00edguez \u00c1lamo. <strong>Challenges of Climate Change: impacts, mitigation and adaptation<\/strong>. Publications of the Spanish Association of Climatology (AEC), serie A, n\u00ba12, pp. 379-388 (ISBN: 978-84-125772-1-1 )   <\/p>\n<h3>2021<\/h3>\n<h2 class=\"fusion-responsive-typography-calculated\" data-fontsize=\"15\" data-lineheight=\"45px\">Renewable Energy Area<\/h2>\n<h3 class=\"fusion-responsive-typography-calculated\" data-fontsize=\"15\" data-lineheight=\"25.65px\">38th European Photovoltaic Solar Energy Conference and Exhibition (EU PVSEC) \u00b7 Online \u00b7 6\u201310 September 2021<\/h3>\n<p>L. Oca\u00f1a, C. Montes, S. Gonz\u00e1lez-P\u00e9rez, B. Gonz\u00e1lez-Diaz, E. Llarena. <strong>Testing Encapsulated Perovskite Solar Cells in a Climatic Chamber by Following the IEC 61215 and IEC 61646 Standards for the thermal cycling test\u201d<\/strong><strong>. <\/strong>EU PVSEC Proceedings.  DOI: <a href=\"https:\/\/www.eupvsec-proceedings.com\/proceedings?fulltext=Testing+Encapsulated+Perovskite+Solar+Cells+in+a+Climatic+Chamber+by+Following+the+IEC+61215+and+IEC+61646+Standards+for+the+thermal+cycling+test&amp;paper=50040\" target=\"_blank\" rel=\"noopener\">10.4229\/EUPVSEC20212021-3BV.1.4 <\/a>( MACLAB-PV Project).<\/p>\n<p>C. Montes, L. Oca\u00f1a, S. Gonz\u00e1lez-P\u00e9rez, B. Gonz\u00e1lez-Diaz, E. Llarena. <strong>Assessing the Use of Polyvinylidene Fluoride as a Binder Material for Producing Carbon Based Inks Suitable for HTM-Free Perovskite Solar Cells.<\/strong> EU PVSEC Proceedings. <a href=\"https:\/\/www.eupvsec-proceedings.com\/proceedings?fulltext=Assessing+the+Use+of+Polyvinylidene+Fluoride+as+a+Binder+Material+for+Producing+Carbon+Based+Inks+Suitable+for+HTM-Free+Perovskite+Solar+Cells&amp;paper=50238\" target=\"_blank\" rel=\"noopener\">DOI: 10.4229\/EUPVSEC20212021-3BV.1.9 <\/a>(Proyecto MACLAB-PV).<\/p>\n<p>C. Montes, L. Oca\u00f1a, S. Gonz\u00e1lez-P\u00e9rez, B. Gonz\u00e1lez-Diaz, E. Llarena. <strong>Developing an Agglomerate of Graphite and Black Carbon in an Ethylene-Vinyl Acetate in Toluene Solution for Producing Electrodes for HTM-Free Perovskite Solar Cells. <\/strong>EU PVSEC Proceedings. DOI: <a href=\"https:\/\/www.eupvsec-proceedings.com\/proceedings?fulltext=Exploring+the+use+of+methylammonium+iodide+to+improve+the+uniformity+of+the+mapbi3+layer+in+htm-free+perovskite+solar+cells+equipped+with+back+contacts+based+on+pastes+of+graphite+and+black+carbon+in+a+polyvinylidene+fluoride+in+toluene+solution&amp;paper=49999\" target=\"_blank\" rel=\"noopener\">10.4229\/EUPVSEC20202020-3BV.1.27 <\/a>(MACLAB-PV Project). <\/p>\n<h2 class=\"fusion-responsive-typography-calculated\" data-fontsize=\"15\" data-lineheight=\"45px\">Genomics Area<\/h2>\n<p>Hernandez-Pacheco N, Gorenjak M, Jurgec S, Corrales A, Jorgensen A, Karimi L, Vijverberg SJ, Berce V, Schieck M, Acosta-Herrera M, Kerick M, Samedy-Bates LA, Tavendale R, Villar J, Mukhopadhyay S, Pirmohamed M, Verhamme KMC, Kabesch M, Hawcutt DB, Turner S, Palmer CN, Burchard EG, Maitland-van der Zee AH, Flores C, Poto\u010dnik U, Pino-Yanes M. <strong>Combination of transcriptomics and genomics for the identification of novel loci of response to asthma treatment with glucocorticosteroids. <\/strong>International Severe Asthma Forum (ISAF) organized by EAACI taking place on 17th April 2021 (Virtual Conference). Oral presentation. URL: <a href=\"https:\/\/eaaci.org\/events_meetings\/isaf-digital-2021\/\">https:\/\/eaaci.org\/events_meetings\/isaf-digital-2021\/<\/a>   <\/p>\n<p>Adegunsoye A, Garcia N, Tyker A, Lee CT, Strykowski R, Ventura I, Guzy R, Jabolonski R, Vij R, Chung JH, Flores C, Ma SF, Oldham J, Strek ME, Noth I. <strong>The MUC5B rs35705950 allele associates with increased honeycombing risk in individuals of diverse ancestry with pulmonary fibrosis<\/strong>. American Thoracic Society meeting 2021, May 14-19, San Diego CA, USA. Am J Respir Crit Care Med 2021;203:A1004. Oral presentation. URL: <a href=\"https:\/\/www.atsjournals.org\/doi\/book\/10.1164\/ajrccm-conference.2021\">https:\/\/www.atsjournals.org\/doi\/book\/10.1164\/ajrccm-conference.2021<\/a> doi: <a href=\"https:\/\/doi.org\/10.1164\/ajrccm-conference.2021.203.1_MeetingAbstracts.A1004\">https:\/\/doi.org\/10.1164\/ajrccm-conference.2021.203.1_MeetingAbstracts.A1004<\/a>    <\/p>\n<p>Allen R, Oldham J, Ma SF, Hirani N, Whyte M, Hubbard R, Braybrooke R, Adegunsoye A, Strek M, Maher T, Flores C, Molyneaux P, Noth I, Jenkins G, Wain L. <strong>Preliminary genome-wide association study of longitudinal lung function in individuals diagnosed with idiopathic pulmonary fibrosis. <\/strong>Longitudinal studies 2021, March 9-12, Wellcome Genome Campus, UK (Virtual Conference). Poster presentation. URL: <a href=\"https:\/\/coursesandconferences.wellcomeconnectingscience.org\/event\/longitudinal-studies-virtual-conference-20210309\/\">https:\/\/coursesandconferences.wellcomeconnectingscience.org\/event\/longitudinal-studies-virtual-conference-20210309\/<\/a>  <\/p>\n<p>Hernandez-Beeftink T, Guillen-Guio B, Lorenzo-Salazar JM, Corrales A, Garc\u00eda-Laorden MI, Prieto Gonz\u00e1lez M, Rodr\u00edguez-P\u00e9rez A, Carriedo D, Blanco J, Ambr\u00f3s A, Gonz\u00e1lez Higueras E, Espinosa E, Muriel A, Dom\u00ednguez D, Garc\u00eda de Lorenzo A, A\u00f1\u00f3n JM, Belda J, Villar J, Flores C, and the Genetics of Sepsis (GEN-SEP) Network. <strong>First Genome-wide Association Study of 28-day Survival in Patients with Sepsis. <\/strong>Longitudinal studies 2021, March 9-12, Wellcome Genome Campus, UK (Virtual Conference). Poster presentation. URL: <a href=\"https:\/\/coursesandconferences.wellcomeconnectingscience.org\/event\/longitudinal-studies-virtual-conference-20210309\/\">https:\/\/coursesandconferences.wellcomeconnectingscience.org\/event\/longitudinal-studies-virtual-conference-20210309\/<\/a>   <\/p>\n<p>Rodr\u00edguez-P\u00e9rez H, Ciuffreda L, Flores C. <strong>NanoRTax: A real-time analysis pipeline for nanopore 16S rRNA sequencing data. <\/strong>Applied Bioinformatics and Public Health Microbiology 2021, May 5-7, Wellcome Genome Campus, UK (Virtual Conference). Poster presentation. URL: <a href=\"https:\/\/coursesandconferences.wellcomeconnectingscience.org\/event\/applied-bioinformatics-and-public-health-microbiology-virtual-conference-20210505\/\">https:\/\/coursesandconferences.wellcomeconnectingscience.org\/event\/applied-bioinformatics-and-public-health-microbiology-virtual-conference-20210505\/<\/a>  <\/p>\n<p>Olaechea-L\u00e1zaro S, Izagirre N, L\u00f3pez S, Garc\u00eda O, Veeramah KR, Hellenthal G, Thomas M, Lorenzo-Salazar JM, Flores C, Alonso S. <strong>Population structure and selection analysis in Cameroonian next-generation sequencing data<\/strong>. European Society of Human Genetics Conference 2021 (Virtual Conference), August 28-31. EUROPEAN JOURNAL OF HUMAN GENETICS 30 (SUPPL 1), 522-522, 2022. Poster presentation. URL: <a href=\"https:\/\/2021.eshg.org\/\">https:\/\/2021.eshg.org\/<\/a>    <\/p>\n<p>Hernandez-Beeftink T, Guillen-Guio B, Lorenzo-Salazar JM, Corrales A, Garc\u00eda-Laorden MI, Prieto Gonz\u00e1lez M, Rodr\u00edguez-P\u00e9rez A, Carriedo D, Blanco J, Ambr\u00f3s A, Gonz\u00e1lez Higueras E, Espinosa E, Muriel A, Dom\u00ednguez D, Garc\u00eda de Lorenzo A, A\u00f1\u00f3n JM, Belda J, Villar J, Flores C, and the Genetics of Sepsis (GEN-SEP) Network. <strong>A Genome-wide Association Study in Patients with Sepsis Supports the Association of SAMD9 Variants with 28-day Survival. <\/strong>European Society of Human Genetics Conference 2021 (Virtual Conference), August 28-31. EUROPEAN JOURNAL OF HUMAN GENETICS 30 (SUPPL 1), 590-591, 2022. Poster presentation. URL: <a href=\"https:\/\/2021.eshg.org\/\" target=\"_blank\" rel=\"noopener\">https:\/\/2021.eshg.org\/ <\/a>     <\/p>\n<p>Hernandez-Beeftink T, Marcelino-Rodriguez I, Su\u00e1rez-Pajes E, Paynton ML, Rubio-Rodr\u00edguez LA, Guillen-Guio B, Lorenzo-Salazar JM, Corrales A, Garc\u00eda-Laorden MI, Prieto Gonz\u00e1lez M, Rodr\u00edguez-P\u00e9rez A, Carriedo D, Blanco J, Ambr\u00f3s A, Gonz\u00e1lez Higueras E, Espinosa E, Muriel A, Dom\u00ednguez D, Wain LV, Garc\u00eda de Lorenzo A, A\u00f1\u00f3n JM, Belda J, Villar J, Flores C, for the Genetics of Sepsis (GEN-SEP) Network. <strong>Genetic variability in 6p22.1 and sepsis susceptibility: a fine mapping association study of the HLA. <\/strong>European Society of Human Genetics Conference 2021 (Virtual Conference), August 28-31. EUROPEAN JOURNAL OF HUMAN GENETICS 30 (SUPPL 1), 588-588, 2022. Poster presentation. URL: <a href=\"https:\/\/2021.eshg.org\/\" target=\"_blank\" rel=\"noopener\">https:\/\/2021.eshg.org\/<\/a>    <\/p>\n<p>Marcelino-Rodriguez I, Hernandez-Beeftink T, Rubio-Rodr\u00edguez LA, Suarez-Pajes E, Guillen-Guio B, Lorenzo-Salazar JM, Gonz\u00e1lez-Montelongo R, Corrales A, Garc\u00eda-Laorden MI, Prieto-Gonz\u00e1lez M, Rodr\u00edguez-P\u00e9rez A, Carriedo D, Blanco J, Ambr\u00f3s A, Gonz\u00e1lez-Higueras E, Espinosa E, Muriel A, Dom\u00ednguez D, Garc\u00eda-de-Lorenzo A, A\u00f1\u00f3n JM, Belda J, Villar J, Flores C. <strong>A Genome-Wide Association Study of Copy Number Variants of sepsis susceptibility. <\/strong>European Society of Human Genetics Conference 2021 (Virtual Conference), August 28-31. EUROPEAN JOURNAL OF HUMAN GENETICS 30 (SUPPL 1), 599-600, 2022. Poster presentation. URL: <a href=\"https:\/\/2021.eshg.org\/\">https:\/\/2021.eshg.org\/<\/a>   <\/p>\n<p>Tosco-Herrera E, Mendoza-Alvarez A, Rodriguez-Perez H, Mu\u00f1oz-Barrera A, I\u00f1igo-Campos A, Corrales A, Martinez Bugallo F, Prieto Morin C, Gonz\u00e1lez-Montelongo R, Lorenzo-Salazar JM, Flores C, Ciuffreda L, Marcelino-Rodriguez I. <strong>Software assessment for prioritization of germline causal variants of disease from whole-exome sequencing data. <\/strong>European Society of Human Genetics Conference 2021 (Virtual Conference), August 28-31. EUROPEAN JOURNAL OF HUMAN GENETICS 30 (SUPPL 1), 481-482, 2022. Poster presentation. URL: <a href=\"https:\/\/2021.eshg.org\/\">https:\/\/2021.eshg.org\/<\/a>   <\/p>\n<p>D\u00edaz-de Usera A, Rubio-Rodr\u00edguez LA, Mu\u00f1oz-Barrera A, Guillen-Guio B, Corrales A, \u00cd\u00f1igo-Campos A, J\u00e1spez D, Marcelino-Rodriguez I, Cabrera de Le\u00f3n A, Gonz\u00e1lez-Montelongo R, Lorenzo-Salazar JM, Flores C. <strong>An exome-wide analysis of natural genetic variation in the Canary Islands population. <\/strong>European Society of Human Genetics Conference 2021 (Virtual Conference), August 28-31. EUROPEAN JOURNAL OF HUMAN GENETICS 30 (SUPPL 1), 528-528, 2022. Poster presentation. URL: <a href=\"https:\/\/2021.eshg.org\/\">https:\/\/2021.eshg.org\/<\/a>   <\/p>\n<p>Mendoza-Alvarez A, Mu\u00f1oz-Barrera A, Marcelino-Rodriguez I, Tosco-Herrera E, Guillen-Guio B, Corrales A, I\u00f1igo-Campos A, Callero A, Gonz\u00e1lez-Montelongo R, Lorenzo-Salazar JM, Flores C. <strong>Unmasking a case of Hereditary Angioedema without C1-INH deficiency in a misdiagnosed type I patient. <\/strong>European Society of Human Genetics Conference 2021 (Virtual Conference), August 28-31. EUROPEAN JOURNAL OF HUMAN GENETICS 30 (SUPPL 1), 512-513, 2022. Poster presentation. URL: <a href=\"https:\/\/2021.eshg.org\/\">https:\/\/2021.eshg.org\/<\/a>   <\/p>\n<p>Mendoza-Alvarez A, Mu\u00f1oz-Barrera A, Marcelino-Rodriguez I, Rubio-Rodriguez LA, Tosco-Herrera E, Guillen-Guio B, Corrales A, I\u00f1igo-Campos A, Callero A, Garcia-Robaina J, Gonz\u00e1lez-Montelongo R, Lorenzo-Salazar JM, Flores C. <strong>Identifying the genetic causes of hereditary angioedema using the HADA tool in the Canary Islands, Spain. <\/strong>European Academy of Allergology and Clinical Immunology 2021 (Hybrid Congress), July 10-12. Poster presentation. URL: <a href=\"https:\/\/eaaci.org\/events_congress\/eaaci-hybrid-congress-2021\/\">https:\/\/eaaci.org\/events_congress\/eaaci-hybrid-congress-2021\/<\/a>  <\/p>\n<p>Tosco-Herrera E, Mendoza-Alvarez A, Rodriguez-Perez H, Mu\u00f1oz-Barrera A, I\u00f1igo-Campos A, Corrales A, Martinez Bugallo F, Prieto Morin C, Gonz\u00e1lez-Montelongo R, Lorenzo-Salazar JM, Flores C, Ciuffreda L, Marcelino-Rodriguez I. <strong>Causative variant prioritization from whole-exome sequencing patient data: a benchmarking of bioinformatics tools.<\/strong> 17th Student Council Symposium (Virtual Meeting) of the International Society of Computational Biology Student Council, July 23-24. Oral communication. URL: <a href=\"https:\/\/www.scs2021.iscbsc.org\/\">https:\/\/www.scs2021.iscbsc.org\/<\/a>  <\/p>\n<p>Mendoza-Alvarez A, Mu\u00f1oz-Barrera A, Marcelino-Rodr\u00edguez I, Rubio-Rodriguez L, Callero A, Lorenzo-Salazar JM, Flores C. <strong>HADA: an interactive resource for automated annotation of genetic variants in hereditary angioedema studies. <\/strong>Variant Effect Prediction Training Course 2021, September 21-23 (Virtual Conference). Poster presentation. URL: <a href=\"http:\/\/veptc.variome.org\/\">http:\/\/veptc.variome.org\/<\/a>  <\/p>\n<p>Tosco-Herrera E, Mendoza-Alvarez A, Rodriguez-Perez H, Mu\u00f1oz-Barrera A, I\u00f1igo-Campos A, Corrales A, Martinez Bugallo F, Prieto Morin C, Gonz\u00e1lez-Montelongo R, Lorenzo-Salazar JM, Flores C, Ciuffreda L, Marcelino-Rodriguez I. <strong>Benchmarking of bioinformatics tools for causative variant prioritization from whole-exome sequencing patient data<\/strong>. Variant Effect Prediction Training Course 2021, September 21-23 (Virtual Conference). Poster presentation. URL: <a href=\"http:\/\/veptc.variome.org\/\">http:\/\/veptc.variome.org\/<\/a>   <\/p>\n<p>Hernandez-Beeftink T, Paynton ML, Guillen-Guio B, Lorenzo-Salazar JM, Corrales A, Suarez-Pajes E, Garc\u00eda-Laorden MI, Wain LV, Villar J, Flores C. <strong>Association of classic HLA alleles with 28-day sepsis survival in GEN-SEP. <\/strong>International Genetic Epidemiology Society Annual Meeting 2021, October 13-16. (Virtual Conference). Genetic Epidemiology 45:759, 2021. Poster presentation. URL: <a href=\"https:\/\/www.geneticepi.org\/annual-meeting\">https:\/\/www.geneticepi.org\/annual-meeting<\/a>    <\/p>\n<p>Allen RJ, Oldham JM, Lorenzo-Salazar JM, Molyneaux PL, Ma SF, Joseph C, Kim JS, Guillen-Guio B, Hern\u00e1ndez-Beeftink T, Kropski J, Huang Y, Lee CT, Adegunsoy A, Pugashetti JV, Linderholm A, Vo V, Strek M, Hubbard R, Hirani N, Whyte MKB, Hart S, Nicholson A, Parfrey H, Rassl D, Wallace W, Fahy WA, Valenzi E, Zhang Y, Kaminski N, Wolters P, Molina-Molina M, Martinez FJ, Hall I, Tobin MD, Maher TM, Blackwell T, Yaspan B, Jenkins RG, Flores C, Wain LV, Noth I. <strong>Genome-wide association study of survival times after diagnosis of idiopathic pulmonary fibrosis. <\/strong>British Thoracic Society 2021 Winter Meeting, November 24-26. Oral presentation. URL: <a href=\"https:\/\/www.brit-thoracic.org.uk\/\">https:\/\/www.brit-thoracic.org.uk\/<\/a>   <\/p>\n<p>Leavy OC, Allen RJ, Oldham JM, Guillen-Guio B, Braybrooke R, Hubbard RB, Ma SF, Fingerlin TE, UK ILD Consortium, Kaminski N, Zhang Y, Schwartz DA, Maher TM, Molyneaux PL, Flores C, Noth I, Jenkins RG, Wain LV. <strong>Genome-wide sex-by-SNP interaction analysis of susceptibility to idiopathic pulmonary fibrosis. <\/strong>British Thoracic Society 2021 Winter Meeting, November 24-26.Oral presentation. URL: <a href=\"https:\/\/www.brit-thoracic.org.uk\/\">https:\/\/www.brit-thoracic.org.uk\/<\/a>  <\/p>\n<p>Ciuffreda L, Lorenzo Salazar JM, Alcoba-Florez J, Rodr\u00edguez-P\u00e9rez H, Gil-Campesino H, Garc\u00eda-Mart\u00ednez de Artola D, Valenzuela-Fern\u00e1ndez A, \u00c1lvarez-Arg\u00fcelles ME, Gonz\u00e1lez-Montelongo R, Flores C. <strong>Longitudinal study of a prolonged SARS-CoV-2 infection in an immunocompromised patient. <\/strong>15th International Conference on Molecular Epidemiology and Evolutionary Genetics of Infectious Disease, November 2-5. Poster presentation. URL: <a href=\"https:\/\/www.elsevier.com\/events\/conferences\/meegid\">https:\/\/www.elsevier.com\/events\/conferences\/meegid<\/a>  <\/p>\n<p>V\u00e9liz Flores I, Rodr\u00edguez de Castro F, Tosco-Herrera E, Perona Abell\u00f3n R, Fern\u00e1ndez Vara B, Alem\u00e1n Segura D, Rodr\u00edguez Le\u00f3n A, \u00cd\u00f1igo-Campos A, Rubio-Rodr\u00edguez LA, Lorenzo-Salazar JM, Gonz\u00e1lez-Montelongo R, Flores C. <strong>Telomeric dysfunction in families with pulmonary fibrosis in Gran Canaria<\/strong>. Regional Pneumocan Congress, Las Palmas de Gran Canaria, November 19-20. Oral presentation. URL: <a href=\"https:\/\/www.neumocan.com\/congreso-regional\">https:\/\/www.neumocan.com\/congreso-regional<\/a>   <\/p>\n<p>Hernandez-Beeftink T, Guillen-Guio B, Lorenzo-Salazar JM, Corrales A, Garcia-Laorden MI, Prieto-Gonzalez M, Rodriguez-Perez A, Carriedo D, Blanco J, Ambros A, Gonzalez-Higueras E, Espinosa E, Muriel A, Dominguez D, Garcia de Lorenzo A, A\u00f1on JM, Belda J, Villar J, Flores C. <strong>Genetic variants associated with 28-day sepsis survival: a genome-wide association study<\/strong>. 14th Training Days of the Biomedical Research Center in Respiratory Diseases Network (CIBERES). Virtual, 27 and 28 October 2021. Arch Bronconeumol. 2021;57(Supl Congr 2):10. Oral presentation. URL: <a href=\"https:\/\/www.ciberes.org\/agenda\/xiv-jornadas-de-formacion-ciberes-2021\">https:\/\/www.ciberes.org\/agenda\/xiv-jornadas-de-formacion-ciberes-2021<\/a>      <\/p>\n<p>Tosco-Herrera E, Mendoza-Alvarez A, Rodriguez-Perez H, Mu\u00f1oz-Barrera A, \u00cd\u00f1igo-Campos A, Corrales A, Martinez Bugallo F, Prieto Morin C, Gonzalez-Montelongo R, Lorenzo-Salazar JM, Flores C, Ciuffreda L., Marcelino-Rodriguez I. <strong>Prioritization of germline causal variants of disease: software assessment on whole-exome sequencing data<\/strong>. 14th Training Days of the Biomedical Research Center in Respiratory Diseases Network (CIBERES). Virtual, 27 and 28 October 2021.Arch Bronconeumol. 2021;57(Supl Congr 2):10. Oral presentation. URL: <a href=\"https:\/\/www.ciberes.org\/agenda\/xiv-jornadas-de-formacion-ciberes-2021\">https:\/\/www.ciberes.org\/agenda\/xiv-jornadas-de-formacion-ciberes-2021<\/a>      <\/p>\n<p>Ciuffreda L, Lorenzo Salazar JM, Alcoba-Florez J, Rodriguez-Perez H, Gil-Campesino H, \u00cd\u00f1igo-Campos A, Garcia-Martinez de Artola D, Valenzuela-Fernandez A, Hayek-Peraza M, Rojo-Alba S, Alvarez-Arg\u00fcelles ME, Diez-Gil O, Gonzalez-Montelongo R, Flores C. <strong>Tracking of a long-term SARS-CoV-2 infection in a patient with X-linked agammaglobulinemia<\/strong>. 14th Training Days of the Biomedical Research Center in Respiratory Diseases Network (CIBERES). Virtual, 27 and 28 October 2021. Arch Bronconeumol. 2021;57(Supl Congr 2):11-12. Oral presentation. URL: <a href=\"https:\/\/www.ciberes.org\/agenda\/xiv-jornadas-de-formacion-ciberes-2021\">https:\/\/www.ciberes.org\/agenda\/xiv-jornadas-de-formacion-ciberes-2021<\/a>      <\/p>\n<p>Suarez-Pajes E, Hernandez-Beeftink T, Guillen-Guio B, Garcia-Laorden MI, Corrales A, Prieto-Gonzalez M, Rodriguez-Perez A, Carriedo D, Blanco J, Ambros A, Gonzalez-Higueras E, Espinosa E, Muriel A, Dominguez D, Garcia de Lorenzo A, A\u00f1on JM, Soro M, Villar J, Flores C. <strong>A genome-wide association study of VEGFR1 serum levels in patients with sepsis<\/strong>. 14th Training Days of the Biomedical Research Center in Respiratory Diseases Network (CIBERES). Virtual, 27 and 28 October 2021. Arch Bronconeumol. 2021;57(Supl Congr 2):16. Oral presentation. URL: <a href=\"https:\/\/www.ciberes.org\/agenda\/xiv-jornadas-de-formacion-ciberes-2021\">https:\/\/www.ciberes.org\/agenda\/xiv-jornadas-de-formacion-ciberes-2021<\/a>      <\/p>\n<p>Hernandez-Beeftink T, Guillen-Guio B, Lorenzo-Salazar JM, Corrales A, Garc\u00eda-Laorden MI, Prieto Gonz\u00e1lez M, Rodr\u00edguez-P\u00e9rez A, Carriedo D, Blanco J, Ambr\u00f3s A, Gonz\u00e1lez Higueras E, Espinosa E, Muriel A, Dom\u00ednguez D, Garc\u00eda de Lorenzo A, A\u00f1\u00f3n JM, Belda J, Villar J, Flores C. <strong>SAMD9 and genetic determinants of 28-day sepsis survival<\/strong>. VIII Bioinformatics Student Symposium (online), October 18-19, 2021. Oral presentation. URL: <a href=\"https:\/\/www.rsg-spain.iscbsc.org\/viii-symposium\/\">https:\/\/www.rsg-spain.iscbsc.org\/viii-symposium\/<\/a>   <\/p>\n<p>Rodr\u00edguez-P\u00e9rez H, Ciuffreda L, Flores C. <strong>NanoRTax, a real-time pipeline for taxonomic and diversity analysis of nanopore 16S rRNA amplicon sequencing data<\/strong>. VIII Bioinformatics Student Symposium (online), October 18-19, 2021. Oral presentation. URL: <a href=\"https:\/\/www.rsg-spain.iscbsc.org\/viii-symposium\/\">https:\/\/www.rsg-spain.iscbsc.org\/viii-symposium\/<\/a>   <\/p>\n<p>Hernandez-Beeftink T, Marcelino-Rodriguez I, Su\u00e1rez-Pajes E, Paynton ML, Rubio-Rodr\u00edguez LA, Guillen-Guio B, Lorenzo-Salazar JM, Corrales A, Garc\u00eda-Laorden MI, Prieto Gonz\u00e1lez M, Rodr\u00edguez-P\u00e9rez A, Carriedo D, Blanco J, Ambr\u00f3s A, Gonz\u00e1lez Higueras E, Espinosa E, Muriel A, Dom\u00ednguez D, Wain LV, Garc\u00eda de Lorenzo A, A\u00f1\u00f3n JM, Belda J, Villar J, Flores C. <strong>A fine mapping association study of the HLA in sepsis susceptibility. <\/strong>VIII Bioinformatics Student Symposium (online), October 18-19, 2021. Oral presentation. URL: <a href=\"https:\/\/www.rsg-spain.iscbsc.org\/viii-symposium\/\">https:\/\/www.rsg-spain.iscbsc.org\/viii-symposium\/<\/a>  <\/p>\n<p>Tosco-Herrera E, Mendoza-Alvarez A, Rodriguez-Perez H, Mu\u00f1oz-Barrera A, I\u00f1igo-Campos A, Corrales A, Martinez Bugallo F, Prieto Morin C, Gonz\u00e1lez-Montelongo R, Lorenzo-Salazar JM, Flores C, Ciuffreda L, Marcelino-Rodriguez I. <strong>Software assessment for prioritization of germline causal variants of disease on whole-exome sequencing data. <\/strong>VIII Bioinformatics Student Symposium (online), October 18-19, 2021. Oral presentation. URL: <a href=\"https:\/\/www.rsg-spain.iscbsc.org\/viii-symposium\/\">https:\/\/www.rsg-spain.iscbsc.org\/viii-symposium\/<\/a>  <\/p>\n<p>D\u00edaz-de Usera A, Rubio-Rodr\u00edguez LA, Mu\u00f1oz-Barrera A, Guillen-Guio B, Corrales A, \u00cd\u00f1igo-Campos A, J\u00e1spez D, Marcelino-Rodriguez I, Cabrera de Le\u00f3n A, Gonz\u00e1lez-Montelongo R, Lorenzo-Salazar JM, Flores C. <strong>Whole exome sequencing of the Canary Islands population to unravel natural genetic variation. <\/strong>VIII Bioinformatics Student Symposium (online), October 18-19, 2021. Oral presentation. URL: <a href=\"https:\/\/www.rsg-spain.iscbsc.org\/viii-symposium\/\">https:\/\/www.rsg-spain.iscbsc.org\/viii-symposium\/<\/a>  <\/p>\n<h2 class=\"fusion-responsive-typography-calculated\" data-fontsize=\"15\" data-lineheight=\"45px\">Environment Area<\/h2>\n<h3 class=\"fusion-responsive-typography-calculated\" data-fontsize=\"15\" data-lineheight=\"25.65px\">European General Assembly 2021 \u00b7 Online \u00b7 19\u201330 Apr 2021<\/h3>\n<p>Coldwell, B., Cordero, M., P\u00e9rez, N. M., Amonte, C., Asensio-Ramos, M., Meli\u00e1n, G., and Padr\u00f3n, E.:<strong> An over-used ocean island coastal aquifer, Tenerife (Spain) \u2013 tracing inputs for improved resource management.<\/strong> EGU General Assembly 2021, online, 19\u201330 Apr 2021, EGU21-15003, <a class=\"oajrlxb2 g5ia77u1 qu0x051f esr5mh6w e9989ue4 r7d6kgcz rq0escxv nhd2j8a9 nc684nl6 p7hjln8o kvgmc6g5 cxmmr5t8 oygrvhab hcukyx3x jb3vyjys rz4wbd8a qt6c0cv9 a8nywdso i1ao9s8h esuyzwwr f1sip0of lzcic4wl py34i1dx gpro0wi8\" tabindex=\"0\" role=\"link\" href=\"https:\/\/doi.org\/10.5194\/egusphere-egu21-15003?fbclid=IwAR1WhH4_FiUfOdq56MLxFbUneNHZeGqX6aF2adaRJ_zmb0DudgnlKJdPQHA\" target=\"_blank\" rel=\"nofollow noopener\">https:\/\/doi.org\/10.5194\/egusphere-egu21-15003<\/a>.<\/p>\n<p>Lamur, A., De Angelis, S., Marrero, R., Lavall\u00e9e, Y., and Gonzalez, P. J.:<strong> Quantifying the mechanical response of the Iza\u00f1a area (Tenerife) to sustained groundwater withdrawal.<\/strong> EGU General Assembly 2021, online, 19\u201330 Apr 2021, EGU21-9905, <a class=\"moz-txt-link-freetext\" href=\"https:\/\/doi.org\/10.5194\/egusphere-egu21-9905\">https:\/\/doi.org\/10.5194\/egusphere-egu21-9905<\/a>.<\/p>\n<p>Mart\u00edn-Lorenzo, A., Rodr\u00edguez, F., Alonso, M., Amonte, C., Meli\u00e1n, G. V., Asensio-Ramos, M., Padr\u00f3n, E., Hern\u00e1ndez, P. A., and P\u00e9rez, N. M.: <strong>A detailed soil gas physical-chemical survey for geothermal exploration at Tenerife, Canary Islands. <\/strong>EGU General Assembly 2021, online, 19\u201330 Apr 2021, EGU21-15066, <a class=\"moz-txt-link-freetext\" href=\"https:\/\/doi.org\/10.5194\/egusphere-egu21-15066\">https:\/\/doi.org\/10.5194\/egusphere-egu21-15066<\/a><\/p>\n<p>Gonzalez, P. J., Charco, M., Eff-Darwich, A., Lamur, A., Marrero, R., and De Angelis, S.: <strong>Optimal design of an hydrogeophysical monitoring system of compacting volcanic aquifers (Tenerife Island). <\/strong>EGU General Assembly 2021, online, 19\u201330 Apr 2021, EGU21-10263, <a class=\"moz-txt-link-freetext\" href=\"https:\/\/doi.org\/10.5194\/egusphere-egu21-10263\">https:\/\/doi.org\/10.5194\/egusphere-egu21-10263<\/a><\/p>\n<p>P\u00e9rez, N. M., Meli\u00e1n, G. V., Hern\u00e1ndez, P. A., Asensio-Ramos, M., Padr\u00f3n, E., Rodr\u00edguez, F., Alonso, M., Mart\u00edn-Lorenzo, A., Amonte, C., D\u2019Auria, L., Barrancos, J., and Padilla, G. D.: <strong>Diffuse H2 degassing studies: a useful geochemical tool for monitoring Cumbre Vieja volcano, La Palma, Canary Islands. <\/strong>EGU General Assembly 2021, online, 19\u201330 Apr 2021, EGU21-15403, <a class=\"moz-txt-link-freetext\" href=\"https:\/\/doi.org\/10.5194\/egusphere-egu21-15403\">https:\/\/doi.org\/10.5194\/egusphere-egu21-15403<\/a>.<\/p>\n<p>Alonso, M., P\u00e9rez, N. M., Padr\u00f3n, E., Hern\u00e1ndez, P. A., Meli\u00e1n, G. V., Sumino, H., Padilla, G. D., Barrancos, J., Rodr\u00edguez, F., Dionis, S., Asensio-Ramos, M., Amonte, C., Silva, S., and Pereira, J. M.: <strong>Changes in the thermal energy and the diffuse 3He and 4He degassing prior to the 2014-2015 eruption of Pico do Fogo volcano, Cape Verde.<\/strong> EGU General Assembly 2021, online, 19\u201330 Apr 2021, EGU21-15421, <a class=\"moz-txt-link-freetext\" href=\"https:\/\/doi.org\/10.5194\/egusphere-egu21-15421\">https:\/\/doi.org\/10.5194\/egusphere-egu21-15421<\/a><\/p>\n<p>Padr\u00f3n, E., P\u00e9rez, N. M., Meli\u00e1n, G. V., Sumino, H., Alonso, M., Recio, G., Asensio-Ramos, M., Rodr\u00edguez, F., and D\u2019Auria, L.: <strong>Temporal evolution of 3He\/4He isotopic ratio at Dos Aguas cold mineral spring, La Palma, Canary Islands. <\/strong>EGU General Assembly 2021, online, 19\u201330 Apr 2021, EGU21-14994, <a class=\"moz-txt-link-freetext\" href=\"https:\/\/doi.org\/10.5194\/egusphere-egu21-14994\">https:\/\/doi.org\/10.5194\/egusphere-egu21-14994<\/a><\/p>\n<p>Hern\u00e1ndez, P. A., Melian, G., Asensio-Ramos, M., Padron, E., Sumino, H., Perez, N. M., Padilla, G., Barrancos, J., Baldago, M. C., Rodriguez, F., Alonso, M., Amonte, C., Arcilla, C., and Lagmay, M.: <strong>Geochemical evidence of volcanic plumbing system processes from fumarolic gases and diffuse CO2 degassing of Taal volcano, Philippines, prior to the January 2020 eruption. <\/strong>EGU General Assembly 2021, online, 19\u201330 Apr 2021, EGU21-15073, <a class=\"moz-txt-link-freetext\" href=\"https:\/\/doi.org\/10.5194\/egusphere-egu21-15073\">https:\/\/doi.org\/10.5194\/egusphere-egu21-15073<\/a><\/p>\n<p>Meli\u00e1n, G. V., Hern\u00e1ndez, P. A., Asensio-Ramos, M., P\u00e9rez, N. M., Padr\u00f3n, E., Alonso, M., Padilla, G. D., Barrancos, J., Sortino, F., Sumino, H., Rodr\u00edguez, F., Amonte, C., Silva, S., Cardoso, N., and Pereira, J. M.: <strong>Insights from fumarole gas geochemistry on the recent volcanic unrest of Pico do Fogo, Cape Verde, EGU General Assembly 2021. <\/strong>online, 19\u201330 Apr 2021, EGU21-14763, <a class=\"moz-txt-link-freetext\" href=\"https:\/\/doi.org\/10.5194\/egusphere-egu21-14763\">https:\/\/doi.org\/10.5194\/egusphere-egu21-14763<\/a><\/p>\n<p>Rodr\u00edguez, F., Padr\u00f3n, E., Meli\u00e1n, G., Asensio-Ramos, M., Alonso, M., Amonte, C., Mart\u00edn, A., Hern\u00e1ndez, P. A., P\u00e9rez, N. M., Barrancos, J., Padilla, G., and D\u2019Auria, L.: <strong>Monitoring of diffuse CO2 degassing at NERZ, NWRZ and NSRZ volcanic systems of Tenerife, Canary Islands. <\/strong>EGU General Assembly 2021, online, 19\u201330 Apr 2021, EGU21-15427, <a class=\"moz-txt-link-freetext\" href=\"https:\/\/doi.org\/10.5194\/egusphere-egu21-15427\">https:\/\/doi.org\/10.5194\/egusphere-egu21-15427<\/a><\/p>\n<p>Amonte, C., Asensio-Ramos, M., Meli\u00e1n, G. V., P\u00e9rez, N. M., Padr\u00f3n, E., Hern\u00e1ndez, P. A., Rodr\u00edguez, F., D\u2019Auria, L., and L\u00f3pez, D.: <strong>Hydrogeochemical temporal variations related to changes of seismic activity at Tenerife, Canary Islands. <\/strong>EGU General Assembly 2021, online, 19\u201330 Apr 2021, EGU21-15098, <a class=\"moz-txt-link-freetext\" href=\"https:\/\/doi.org\/10.5194\/egusphere-egu21-15098\">https:\/\/doi.org\/10.5194\/egusphere-egu21-15098<\/a><\/p>\n<p>Ortega, V., D\u2019Auria, L., Cabrera-P\u00e9rez, I., Barrancos, J., Padilla, G. D., and P\u00e9rez, N. M.: <strong>Crustal structure of La Palma and Tenerife (Canary Islands) from receiver function analysis. <\/strong>EGU General Assembly 2021, online, 19\u201330 Apr 2021, EGU21-11140, <a class=\"moz-txt-link-freetext\" href=\"https:\/\/doi.org\/10.5194\/egusphere-egu21-11140\">https:\/\/doi.org\/10.5194\/egusphere-egu21-11140<\/a><\/p>\n<p>Cabrera P\u00e9rez, I., Soubestre, J., D\u2019Auria, L., Cervig\u00f3n-Tomico, G., Mart\u00ednez van Dorth, D., Barrancos, J., Padilla, G. D., and P\u00e9rez, N. M.: <strong>Ambient noise tomography of Gran Canaria island (Canary Islands). <\/strong>EGU General Assembly 2021, online, 19\u201330 Apr 2021, EGU21-10957, <a class=\"moz-txt-link-freetext\" href=\"https:\/\/doi.org\/10.5194\/egusphere-egu21-10957\">https:\/\/doi.org\/10.5194\/egusphere-egu21-10957<\/a><\/p>\n<p>Soubestre, J., Chouet, B., and Dawson, P.: <strong>Characterizing volcanic tremor sources associated with collapses in Halema\u2018uma\u2018u Crater at the beginning of the 2018 Kilauea eruption. <\/strong>EGU General Assembly 2021, online, 19\u201330 Apr 2021, EGU21-10723, <a class=\"moz-txt-link-freetext\" href=\"https:\/\/doi.org\/10.5194\/egusphere-egu21-10723\">https:\/\/doi.org\/10.5194\/egusphere-egu21-10723<\/a><\/p>\n<p>Journeau, C., Shapiro, N., Seydoux, L., Soubestre, J., Koulakov, I., Jakovlev, A., Abkadyrov, I., Gordeev, E., Chebrov, D., Sens-Sch\u00f6nfelder, C., Luehr, B., Tong, F., Farge, G., and Jaupart, C.: <strong>Imaging seismovolcanic tremor sources distribution with seismic network-based methods reveals fluid pressure pathways within Klyuchevskoy Volcanic Group magmatic system. <\/strong>EGU General Assembly 2021, online, 19\u201330 Apr 2021, EGU21-7871, <a class=\"moz-txt-link-freetext\" href=\"https:\/\/doi.org\/10.5194\/egusphere-egu21-7871\">https:\/\/doi.org\/10.5194\/egusphere-egu21-7871<\/a><\/p>\n<p>Przeor, M., D\u2019Auria, L., Pepe, S., and Tizzani, P.: <strong>Modelling ground deformation in Tenerife (Canary Islands) during 2003-2010. <\/strong>EGU General Assembly 2021, online, 19\u201330 Apr 2021, EGU21-11023, <a class=\"moz-txt-link-freetext\" href=\"https:\/\/doi.org\/10.5194\/egusphere-egu21-11023\">https:\/\/doi.org\/10.5194\/egusphere-egu21-11023<\/a><\/p>\n<p>Garc\u00eda-Hern\u00e1ndez, R., D\u2019Auria, L., Barrancos, J., and Padilla, G. D.: <strong>Multiscale Spatial and Temporal Analysis of the b-value in volcanic areas. <\/strong>EGU General Assembly 2021, online, 19\u201330 Apr 2021, EGU21-11104, <a class=\"moz-txt-link-freetext\" href=\"https:\/\/doi.org\/10.5194\/egusphere-egu21-11104\">https:\/\/doi.org\/10.5194\/egusphere-egu21-11104<\/a><\/p>\n<p>Mart\u00ednez van Dorth, D., Di Paolo, F., Slezak, K., Cabrera-P\u00e9rez, I., Pi\u00f1a-Varas, P., Ledo, J., Bidaurrazaga Aguirre, G., S\u00e1ez Gabarr\u00f3n, L., Przeor, M., Hern\u00e1ndez, W., D\u2019Auria, L., and P\u00e9rez, N. M.: <strong>Analysis of magnetotelluric data from Las Ca\u00f1adas caldera (Tenerife, Spain).<\/strong> EGU General Assembly 2021, online, 19\u201330 Apr 2021, EGU21-12143, <a class=\"moz-txt-link-freetext\" href=\"https:\/\/doi.org\/10.5194\/egusphere-egu21-12143\">https:\/\/doi.org\/10.5194\/egusphere-egu21-12143<\/a><\/p>\n<p>Sandoval Velasquez, A., Rizzo, A. L., Aiuppa, A., Frezzotti, M. L., Remigi, S., Padr\u00f3n, E., and P\u00e9rez, N.: <strong>First assessment of the noble gas and CO2 isotopic composition of fluid inclusions hosted in mantle xenoliths from El Hierro (Canary Islands). <\/strong>EGU General Assembly 2021, online, 19\u201330 Apr 2021, EGU21-12817, <a class=\"moz-txt-link-freetext\" href=\"https:\/\/doi.org\/10.5194\/egusphere-egu21-12817\">https:\/\/doi.org\/10.5194\/egusphere-egu21-12817<\/a><\/p>\n<p>Asensio-Ramos, M., Meli\u00e1n, G., Rodr\u00edguez, F., P\u00e9rez, N. M., Alonso, M., Mart\u00edn-Lorenzo, A., Amonte, C., Hern\u00e1ndez, P. A., Padr\u00f3n, E., and D\u2019Auria, L.: <strong>Long-term variations of diffuse CO2, He and H2 at the summit crater of Teide volcano, Tenerife, Canary Islands. <\/strong>EGU General Assembly 2021, online, 19\u201330 Apr 2021, EGU21-14767, <a class=\"moz-txt-link-freetext\" href=\"https:\/\/doi.org\/10.5194\/egusphere-egu21-14767\">https:\/\/doi.org\/10.5194\/egusphere-egu21-14767<\/a><\/p>\n<p>Barrancos, J., Rodr\u00edguez, C., Padr\u00f3n, E., Hern\u00e1ndez, P. A., Padilla, G. D., D\u2019Auria, L., and P\u00e9rez, N. M.: <strong>Monitoring diffuse CO2 emissions by means of an automatic geochemical station at Cumbre Vieja volcano, La Palma, Canary Islands.<\/strong> EGU General Assembly 2021, online, 19\u201330 Apr 2021, EGU21-15149, <a class=\"moz-txt-link-freetext\" href=\"https:\/\/doi.org\/10.5194\/egusphere-egu21-15149\">https:\/\/doi.org\/10.5194\/egusphere-egu21-15149<\/a><\/p>\n<p>Padilla, G. D., Perez, N. M., Hern\u00e1ndez, P. A., Padr\u00f3n, E., Barrancos, J., D\u2019Auria, L., Meli\u00e1n, G., Rodr\u00edguez, F., and Pankhurst, M. J.: <strong>Temporal variations of CO2 efflux continuous monitoring at the summit cone of Teide volcano (Tenerife, Canary Islands) during the period 1999-2021. <\/strong>EGU General Assembly 2021, online, 19\u201330 Apr 2021, EGU21-15190, <a class=\"moz-txt-link-freetext\" href=\"https:\/\/doi.org\/10.5194\/egusphere-egu21-15190\">https:\/\/doi.org\/10.5194\/egusphere-egu21-15190<\/a><\/p>\n<h3>2020<\/h3>\n<h2 class=\"fusion-responsive-typography-calculated\" data-fontsize=\"15\" data-lineheight=\"45px\">Renewable Energy Area<\/h2>\n<h3 class=\"fusion-responsive-typography-calculated\" data-fontsize=\"15\" data-lineheight=\"25.65px\">37th European Photovoltaic Solar Energy Conference and Exhibition (EU PVSEC) \u00b7 Online \u00b7 7\u201311 September 2020<\/h3>\n<p>L. Oca\u00f1a, C. Montes, S. Gonz\u00e1lez-P\u00e9rez, B. Gonz\u00e1lez-D\u00edaz, M. Friend &amp; M. Cendagorta. <strong>Improvement on the Stability of MAPbI3 Thin Films against UV Radiation by a Low Temperature Encapsulation Method that uses Commercial Ethylene-Vinyl Acetate Sheets. <\/strong>EU PVSEC Proceedings. DOI: <a href=\"https:\/\/www.eupvsec-proceedings.com\/proceedings?advanced%5Btitle%5D=Improvements+on+the+Stability+of+MAPbI3+Thin+Films+Against+UV+Radiation+by+a+Low+Temperature+Encapsulation+Method+that+Uses+Commercial+Ethylene-Vinyl+Acetate+Sheets&amp;advanced%5Bdate%5D=2020&amp;advanced%5Bauthor%5D=&amp;advanced%5Bkeyword%5D=&amp;paper=49236\" target=\"_blank\" rel=\"noopener noreferrer\">10.4229\/EUPVSEC20202020-3BV.1.22<\/a>(MACLAB-PV Project). <\/p>\n<p>C. Montes, L. Oca\u00f1a, S. Gonz\u00e1lez-P\u00e9rez, B. Gonz\u00e1lez-D\u00edaz, M. Friend &amp; M. Cendagorta. <strong>Technical Analysis of Mixed Binders Based on Epoxy Resin and Ethylene-Vinyl Acetate to Produce Conductive Inks for the Metallization of Perovskite Solar Cells via Screen Printing Technique.<\/strong> EU PVSEC Proceedings. DOI: <a href=\"https:\/\/www.eupvsec-proceedings.com\/proceedings?advanced%5Btitle%5D=Technical+Analysis+of+Mixed+Binders+Based+on+Epoxy+Resin+and+Ethylene-Vinyl+Acetate+to+Produce+Conductive+Inks+for+the+Metallization+of+Perovskite+Solar+Cells+via+Screen+Printing+Technique&amp;advanced%5Bdate%5D=&amp;advanced%5Bauthor%5D=&amp;advanced%5Bkeyword%5D=&amp;paper=49283\" target=\"_blank\" rel=\"noopener noreferrer\">10.4229\/EUPVSEC20202020-3BV.1.27 <\/a>(MACLAB-PV Project). <\/p>\n<p>C. Montes, L. Oca\u00f1a, L. De Sousa-Vieira, S. Gonz\u00e1lez-P\u00e9rez, B. Gonz\u00e1lez-D\u00edaz, M. Friend &amp; M. Cendagorta. <strong>Developing an Agglomerate of Graphite and Black Carbon in an Ethylene-Vinyl Acetate in Toluene Solution for Producing Electrodes for HTM-Free Perovskite Solar Cells. <\/strong>EU PVSEC Proceedings. DOI:  <b><\/b><a href=\"https:\/\/www.eupvsec-proceedings.com\/proceedings?advanced%5Btitle%5D=Developing+an+Agglomerate+of+Graphite+and+Black+Carbon+in+an+Ethylene-Vinyl+Acetate+in+Toluene+Solution+for+Producing+Electrodes+for+HTM-Free+Perovskite+Solar+Cells&amp;advanced%5Bdate%5D=&amp;advanced%5Bauthor%5D=&amp;advanced%5Bkeyword%5D=&amp;paper=49328\" target=\"_blank\" rel=\"noopener noreferrer\"><span lang=\"EN-US\">10.4229\/EUPVSEC20202020-3BV.1.23 <\/span><\/a>(MACLAB-PV Project).<\/p>\n<h2 class=\"fusion-responsive-typography-calculated\" data-fontsize=\"15\" data-lineheight=\"45px\">Genomics Area<\/h2>\n<h3 class=\"fusion-responsive-typography-calculated\" data-fontsize=\"15\" data-lineheight=\"25.65px\"><strong>48th European Mathematical Genetics Meeting, 16-17 April 2020, Lausanne<\/strong><\/h3>\n<p>Leavy OC, Allen RA, Oldham JM, Guillen-Guio B, Braybrooke R, Hubbard RB, Ma SF, Fingerlin TE, Kaminski N, Zhang Y, UK ILD Consortium, Schwartz DA, Maher TM, Molyneaux PL, Flores C, Noth I, Jenkins RG, Wain LV. <strong>Genome-wide SNP-by-rs35705950 interaction analysis of susceptibility to idiopathic pulmonary fibrosis. <\/strong>48th European Mathematical Genetics Meeting, 16-17 April 2020, Lausanne. Poster presentation.  <\/p>\n<h3 class=\"fusion-responsive-typography-calculated\" data-fontsize=\"15\" data-lineheight=\"25.65px\"><strong>53rd SEPAR Congress, 4-7 June 2020, Seville, Spain<\/strong><\/h3>\n<p>Planas Cerezales L, Garc\u00eda Arias-Salgado E, Berastegui Garcia C, Montes Worboys A, Gonz\u00e1lez Montelongo R, Lorenzo Salazar JM, Vicens Zygmunt V, Garcia Moyano M, Dorca Sargatal J, Flores C, Perona Abell\u00f3n R, Roman Broto A, Molina Molina M. <strong>Increased survival and post-transplant quality of life in DIDD with and without telomeric dysfunction<\/strong>. 53rd SEPAR Congress, 4-7 June 2020, Seville, Spain. Oral presentation.  <\/p>\n<h3 class=\"fusion-responsive-typography-calculated\" data-fontsize=\"15\" data-lineheight=\"25.65px\"><strong>American Thoracic Society 2020, 15-20 May 2020, Philadelphia<\/strong><\/h3>\n<p>Flores C, Guillen-Guio B, Hern\u00e1ndez-Beeftink T, Dom\u00ednguez D, Baez-Ortega A, Corrales A, Hern\u00e1ndez-Bisshopp R, Arias J, Soto L, Viera-Camacho D, Gonz\u00e1lez GN, Belda J, Gonz\u00e1lez-Montelongo R, Espinosa E, Alcoba-Florez J, Villar J. <strong>Early lung bacterial dysbiosis predicts patient mortality by non-pulmonary sepsis<\/strong>. American Thoracic Society 2020, 15-20 May 2020, Philadelphia. Poster presentation.   <\/p>\n<p>Rodr\u00edguez-P\u00e9rez H, Marcelino-Rodriguez I, Hernandez-Beeftink T, Guillen-Guio B, Corrales A, Garcia-Laorden I, Dominguez D, Espinosa E, Villar J, Flores C. <strong>An admixture mapping study associates the 8q23.1 locus in sepsis susceptibility<\/strong>. American Thoracic Society 2020, 15-20 May 2020, Philadelphia. Poster presentation.  <\/p>\n<p>Ciuffreda L, Rodr\u00edguez-P\u00e9rez H, Hernandez-Beeftink T, Guillen-Guio B, Corrales A, Marcelino-Rodriguez I, Dom\u00ednguez D, Hern\u00e1ndez-Bisshopp R, Arias J, Soto L, Viera-Camacho D, Gonz\u00e1lez GN, Belda J, Espinosa E, Alcoba-Florez J, Villar J, Flores C. <strong>Orthogonal validation of the lung dysbiosis in non-pulmonary sepsis associated with ICU mortality using a portable third-generation DNA sequencing device<\/strong>. American Thoracic Society 2020, 15-20 May 2020, Philadelphia. Poster presentation.  <\/p>\n<p>Lorenzo-Salazar JM, D\u00edaz-Garc\u00eda C, Rodr\u00edguez-P\u00e9rez H, Marcelino-Rodr\u00edguez I, Corrales A, Zheng X, Callero A, Perez-Rodriguez E, Garcia-Robaina JC, Gonz\u00e1lez-Montelongo R, Flores C, Guillen-Guio B. <strong>Targeted analysis of loci enriched in African ancestry in the Canary Islanders reveals novel classic HLA alleles associated with asthma risk. <\/strong>American Thoracic Society 2020, 15-20 May 2020, Philadelphia. Poster presentation. <\/p>\n<h3 class=\"fusion-responsive-typography-calculated\" data-fontsize=\"15\" data-lineheight=\"25.65px\"><strong>The European Human Genetics Conference, 6-9 June 2020, Berlin<\/strong>.<\/h3>\n<p>Paynton M, Allen RJ, Oldham J, Ma SF, Braybrooke R, UK ILD Consortium, Sayers I, Hall IP, Tobin MD, Fingerlin T, Schwartz D, Maher T, Molyneaux P, Guillen-Guio B, Flores C, Noth I, Zhang Y, Kaminski N, Jenkins RG, Hollox EJ, Wain LV. <strong>Human leukocyte antigen-wide association meta-analysis of Idiopathic pulmonary fibrosis susceptibility. <\/strong>The European Human Genetics Conference, 6-9 June 2020, Berlin. Poster presentation.  <\/p>\n<p>D\u00edaz-Garc\u00eda C, Suarez-Pajes E, Rodr\u00edguez-P\u00e9rez H, Lorenzo-Salazar JM, Marcelino-Rodr\u00edguez I, Corrales A, Zheng X, Callero A, Perez-Rodriguez E, Garcia-Robaina JC, Gonz\u00e1lez-Montelongo R, Flores C, Guillen-Guio B. <strong>Novel asthma risks within loci enriched in African ancestry in Southwestern Europeans. <\/strong>The European Human Genetics Conference, 6-9 June 2020, Berlin. Poster presentation. <\/p>\n<p>Hern\u00e1ndez-Beeftink T, Guillen-Guio B, Rodr\u00edguez-P\u00e9rez H, Marcelino-Rodr\u00edguez I, Lorenzo-Salazar JM, Corrales A, Casanova N, Gonz\u00e1lez-Garay M, Espinosa E, Muriel A, Dom\u00ednguez D, Garc\u00eda de Lorenzo A, A\u00f1\u00f3n JM, Belda J, Garcia JGN, Villar J, Flores C. <strong>Mitochondrial DNA in peripheral blood as a prognostic biomarker of acute respiratory distress syndrome. <\/strong>The European Human Genetics Conference, 6-9 June 2020, Berlin. Poster presentation. <\/p>\n<p>Marcelino-Rodriguez I, Bola\u00f1os Mendoza M, Rodr\u00edguez-P\u00e9rez H, Lorenzo-Salazar JM, Ciuffreda L, Guillen-Guio B, Gonz\u00e1lez-Montelongo R, Quintela I, Carracedo A, Flores C. <strong>Evidencing the genetic differences of Canary Islanders in the Spanish diversity landscape. <\/strong>The European Human Genetics Conference, 6-9 June 2020, Berlin. Poster presentation. <\/p>\n<p>Mendoza-Alvarez A, Mu\u00f1oz-Barrera A, Marcelino-Rodr\u00edguez I, Rubio-Rodr\u00edguez LA, Tosco-Herrera E, Guillen-Guio B, Corrales A, I\u00f1igo-Campos A, Callero A, Garc\u00eda-Robaina JC, Gonz\u00e1lez-Montelongo R, Lorenzo-Salazar JM, Flores C. <strong>Identifying the genetic causes of hereditary angioedema in the Canary Islands through whole exome sequencing. <\/strong>The European Human Genetics Conference, 6-9 June 2020, Berlin. Poster presentation. <\/p>\n<p>J\u00e1spez D, Mu\u00f1oz-Barrera A, Rubio-Rodr\u00edguez LA, \u00cdnigo-Campos A, Garcia-Olivares V, D\u00edaz-de Usera A, Gonz\u00e1lez-Montelongo R, Lorenzo-Salazar JM, Flores C. <strong>A benchmarking of germline small variant calling from whole human genome and exome sequencing data. <\/strong>The European Human Genetics Conference, 6-9 June 2020, Berlin. Poster presentation. <\/p>\n<h3 class=\"fusion-responsive-typography-calculated\" data-fontsize=\"15\" data-lineheight=\"25.65px\"><strong>European Respiratory Society International Congress 2020, 5-9 September, Vienna<\/strong>.<\/h3>\n<p>Planas Cerezales L, Garc\u00eda Arias-Salgado E, Berastegui Garcia C, Montes Worboys A, Gonz\u00e1lez Montelongo R, Lorenzo Salazar JM, Vicens Zygmunt V, Garcia Moyano M, Dorca Sargatal J, Flores C, Perona Abell\u00f3n R, Roman Broto A, Molina Molina M. <strong>Increase in post-transplant survival and quality of life in pulmonary fibrosis with and without telomere dysfunction. <\/strong>European Respiratory Society International Congress 2020, 5-9 September, Vienna. European Respiratory Journal 2020 56: 5255.  <\/p>\n<h3 class=\"fusion-responsive-typography-calculated\" data-fontsize=\"15\" data-lineheight=\"25.65px\"><strong>Genome Informatics Conference 2020, 14-16 September, Hinxton, United Kingdom.<\/strong><\/h3>\n<p>Hernandez-Pacheco N, Gorenjak M, Jurgec S, Corrales A, Jorgensen A, Karimi L, Vijverberg SJ, Berce V, Schieck M, Acosta-Herrera M, Kerick M, Samedy-Bates LA, Tavendale R, Villar J, Mukhopadhyay S, Pirmohamed M, Verhamme KMC, Kabesch M, Hawcutt DB, Turner S, Palmer CN, Burchard EG, Maitland-van der Zee AH, Flores C, Poto\u010dnik U, Pino-Yanes M. <strong>Combination of transcriptomic and genomic data for the identification of loci involved in glucocorticosteroids response in asthma. <\/strong>Genome Informatics Conference 2020, 14-16 September, Hinxton, United Kingdom. Poster presentation.  <\/p>\n<h3 class=\"fusion-responsive-typography-calculated\" data-fontsize=\"15\" data-lineheight=\"25.65px\"><strong>World Immune regulation meeting XIV, 4-7 Octubre 2020, Davos (Switzerland).<\/strong><\/h3>\n<p>Mendoza-Alvarez A, Mu\u00f1oz-Barrera A, Marcelino-Rodr\u00edguez I, Rubio-Rodr\u00edguez LA, Tosco-Herrera E, Guillen-Guio B, Corrales A, I\u00f1igo-Campos A, Callero A, Garc\u00eda-Robaina JC, Gonz\u00e1lez-Montelongo R, Lorenzo-Salazar JM, Flores C. <strong>Using the HADA tool to identify the genetic causes of hereditary angioedema in the Canary Islands, Spain. <\/strong>World Immune regulation meeting XIV, 4-7 October 2020, Davos (Switzerland). Poster presentation.  <\/p>\n<p>Suarez-Pajes E, D\u00edaz-Garc\u00eda C, Rodr\u00edguez-P\u00e9rez H, Lorenzo-Salazar JM, Marcelino-Rodr\u00edguez I, Corrales A, Zheng X, Callero A, Perez-Rodriguez E, Garcia-Robaina JC, Gonz\u00e1lez-Montelongo R, Flores C, Guillen-Guio B. <strong>Genetic loci enriched in African ancestry are associated with asthma in a Southwestern European population. <\/strong>World Immune regulation meeting XIV, 4-7 October 2020, Davos (Switzerland). Poster presentation. <\/p>\n<h3 class=\"fusion-responsive-typography-calculated\" data-fontsize=\"15\" data-lineheight=\"25.65px\"><strong>T2T\/HPRC Towards a Complete Reference of Human Genome Diversity Conference, 22-23 September 2020 Online.<\/strong><\/h3>\n<p>Mu\u00f1oz-Barrera A, Garc\u00eda-Olivares V, Marcelino-Rodr\u00edguez I, Corrales A, Lorenzo-Salazar JM, Gonz\u00e1lez-Montelongo R, Flores C. <strong>Fast hybrid assembly of eleven human genomes from the Canary Islands, Spain. <\/strong>T2T\/HPRC Towards a Complete Reference of Human Genome Diversity Conference, 22-23 September 2020 (Online). Poster presentation.  <\/p>\n<h3 class=\"fusion-responsive-typography-calculated\" data-fontsize=\"15\" data-lineheight=\"25.65px\"><strong>IV National Congress of Young Researchers in Biomedicine, 4-6 November 2020 (Online).<\/strong><\/h3>\n<p>Mu\u00f1oz-Barrera A, Garc\u00eda-Olivares V, Marcelino-Rodr\u00edguez I, Corrales C, Lorenzo-Salazar JM, Gonz\u00e1lez-Montelongo R, Flores C. <strong>Classification of mitocondrial DNA haplogroups from nanopore sequencing data.<\/strong> IV National Congress of Young Researchers in Biomedicine, 4-6 November 2020 (Online). Poster presentation.  <\/p>\n<p>J\u00e1spez D, Mu\u00f1oz-Barrera A, Rubio-Rodr\u00edguez LA, Afonso-Gonz\u00e1lez E, \u00cd\u00f1igo-Campos A, D\u00edaz-de Usera A, Lorenzo-Salazar JM, Gonz\u00e1lez-Montelongo R, Garc\u00eda-Olivares V, Flores C. <strong>Assessing oral DNA collection solutions for whole-exome sequencing<\/strong>. IV National Congress of Young Researchers in Biomedicine, 4-6 November 2020 (Online).Oral presentation.  <\/p>\n<p>Tosco-Herrera E, Mendoza-\u00c1lvarez A, Rodr\u00edguez-P\u00e9rez H, Mu\u00f1oz-Barrera A, \u00cd\u00f1igo-Campos A, Corrales A, Gonz\u00e1lez-Montelongo R, Lorenzo-Salazar JM, Flores C, Cuiffreda L, Marcelino-Rodr\u00edguez I. <strong>Prioritization of causal variants of disease: evaluation of bioinformatics tolos on whole-exome sequencing data. <\/strong>IV National Congress of Young Researchers in Biomedicine, 4-6 November 2020 (Online). Poster presentation. <\/p>\n<h3 class=\"fusion-responsive-typography-calculated\" data-fontsize=\"15\" data-lineheight=\"25.65px\"><strong>3rd Canary Islands Young Researchers Congress and 1st International Congress of Young Researchers, 26-27 November 2020 (Online).<\/strong><\/h3>\n<p>Tosco-Herrera E, Mendoza-\u00c1lvarez A, Rodr\u00edguez-P\u00e9rez H, Mu\u00f1oz-Barrera A, I\u00f1igo-Campos A, Corrales A, Gonz\u00e1lez-Montelongo R, Lorenzo-Salazar JM, Flores C, Ciuffreda L, Marcelino-Rodr\u00edguez I. <strong>Evaluation of bioinformatics tools for the prioritisation of disease-causing variants in whole exome data<\/strong>. 3rd Canary Islands Young Researchers Congress and 1st International Congress of Young Researchers, 26-27 November 2020 (Online). Poster presentation.  <\/p>\n<p>Mendoza-\u00c1lvarez A, Mu\u00f1oz-Barrera A, Marcelino-Rodriguez I, Tosco-Herrera E, Guill\u00e9n-Gu\u00edo B, Corrales A, I\u00f1igo-Campos A, Callero-Viera A, Gonz\u00e1lez-Montelongo R, Lorenzo-Salazar JM, Flores C. <strong>Reclassifying variants of uncertain significance in Hereditary Angioedema<\/strong>. 3rd Canary Islands Young Researchers Congress and 1st International Congress of Young Researchers, 26-27 November 2020 (Online). Oral presentation. <\/p>\n<p>Rodr\u00edguez-P\u00e9rez H, Ciuffreda L, Hern\u00e1ndez-Beeftink T, Guill\u00e9n-Gu\u00edo B, Corrales A, Marcelino-Rodr\u00edguez I, Dom\u00ednguez D, Hern\u00e1ndez-Bisshopp R, Arias J, Soto L, Belda J, Espinosa E, Alcoba-Florez J, Villar J, Flores C. <strong>Using a portable third-generation DNA sequencing device for real time detection of early lung dysbiosis in sepsis patients<\/strong>. 3rd Canary Islands Young Researchers Congress and 1st International Congress of Young Researchers, 26-27 November 2020 (Online). Oral presentation. <\/p>\n<p>Bola\u00f1os-Mendoza M, Rodr\u00edguez-P\u00e9rez H, Guill\u00e9n-Gu\u00edo B, Lorenzo-Salazar JM, Gonzalez-Montelongo R, Quintela I, Carracedo A, Flores C, Marcelino-Rodriguez I, Ciuffreda L. <strong>Genetic differences of Canarians in the population structure of the National DNA Bank.<\/strong> 3rd Canary Islands Young Researchers Congress and 1st International Congress of Young Researchers, 26-27 November 2020 (Online). Poster presentation.  <\/p>\n<p>Suarez-Pajes E, D\u00edaz-Garc\u00eda C, Rodr\u00edguez-P\u00e9rez H, Lorenzo-Salazar JM, Marcelino-Rodr\u00edguez I, Corrales A, Zheng X, Callero A, Perez-Rodriguez E, Garcia-Robaina JC, Gonz\u00e1lez-Montelongo R, Flores C, Guillen-Guio B. <strong>Fine mapping of genomic regions enriched in African ancestry in the Canary Islanders reveals novel asthma risks.<\/strong> 3rd Canary Islands Young Researchers Congress and 1st International Congress of Young Researchers, 26-27 November 2020 (Online). Oral presentation. <\/p>\n<p>J\u00e1spez-Toledo D, Mu\u00f1oz-Barrera A, Rubio-Rodr\u00edguez LA, \u00cd\u00f1igo-Campos A, Garc\u00eda-Olivares V, D\u00edaz De Usera A, Gonz\u00e1lez-Montelongo R, Lorenzo Salazar JM, Flores C. <strong>Evaluation of germline variant identification from whole human genome and exome sequencing data.<\/strong> 3rd Canary Islands Young Researchers Congress and 1st International Congress of Young Researchers, 26-27 November 2020 (Online). Oral presentation. <\/p>\n<p>D\u00edaz de Usera A, Rubio-Rodr\u00edguez LA, Mu\u00f1oz Barrera A, Guill\u00e9n Gu\u00edo B, Corrales A, J\u00e1spez-Toledo D, Marcelino Rodriguez I, Cabrera de Le\u00f3n A, Gonz\u00e1lez-Montelongo R, Lorenzo Salazar JM, Flores C. <strong>Analysis of the whole exome in the current human population of the Canary Islands.<\/strong> 3rd Canary Islands Young Researchers Congress and 1st International Congress of Young Researchers, 26-27 November 2020 (Online). Oral presentation. <\/p>\n<h3 class=\"fusion-responsive-typography-calculated\" data-fontsize=\"15\" data-lineheight=\"25.65px\"><strong>The Nanopore Community Meeting, 1-3 December 2020 (Online).<\/strong><\/h3>\n<p>Ciuffreda L, Rodr\u00edguez-P\u00e9rez H, Flores C. <strong>NanoCLUST: a clustering-based analysis pipeline of 16S rRNA nanopore sequencing data<\/strong>. The Nanopore Community Meeting, 1-3 December 2020 (Online). Poster presentation.   <\/p>\n<h3 class=\"fusion-responsive-typography-calculated\" data-fontsize=\"15\" data-lineheight=\"25.65px\"><strong>13th Training Conference of the Biomedical Research Network in Respiratory Diseases (CIBERES), 19-20 November 2020 (Online).<\/strong><\/h3>\n<p>Suarez-Pajes E, D\u00edaz-Garc\u00eda C, Rodr\u00edguez-P\u00e9rez H, Lorenzo-Salazar JM, Marcelino-Rodr\u00edguez I, Corrales A, Zheng X, Callero A, Perez-Rodriguez E, Garcia-Robaina JC, Gonz\u00e1lez-Montelongo R, Flores C, Guillen-Guio B. <strong>Genetic loci enriched in African ancestry in the Canary Islanders contain asthma risk variants<\/strong>. 13th Training Conference of the Biomedical Research Network in Respiratory Diseases (CIBERES), 19-20 November 2020 (Online). Arch Bronconeumol. 2020, 56 (Supl Congr 2): 13-14. Oral presentation.    <\/p>\n<h3 class=\"fusion-responsive-typography-calculated\" data-fontsize=\"15\" data-lineheight=\"25.65px\"><strong>1st IberION virtual kick off meeting, 15 December 2020 (Online).<\/strong><\/h3>\n<p>Rodr\u00edguez-P\u00e9rez H. <strong>NanoCLUST: a species-level analysis of 16S rRNA nanopore sequencing reads. <\/strong>1st IberION virtual kick off meeting, 15 December 2020 (Online). Oral presentation.  <\/p>\n<p>Mu\u00f1oz Barrera A. <strong>Leveraging nanopore sequencing for the assembly of human genomes from Canary Islanders. <\/strong>1st IberION virtual kick off meeting, 15 December 2020 (Online). Oral presentation. <\/p>\n<h3>2019<\/h3>\n<h2 class=\"fusion-responsive-typography-calculated\" data-fontsize=\"15\" data-lineheight=\"45px\">Renewable Energy Area<\/h2>\n<h3 class=\"fusion-responsive-typography-calculated\" data-fontsize=\"15\" data-lineheight=\"25.65px\">36th European Photovoltaic Solar Energy Conference and Exhibition (EU PVSEC) \u00b7 Marsella \u00b7 France \u00b7 9\u201313 September 2019<\/h3>\n<p>Montes, L. Oca\u00f1a, L. De Sousa-Vieira, S. Gonz\u00e1lez-P\u00e9rez, B. Gonz\u00e1lez-D\u00edaz, J. S. Moreno-Ram\u00edrez, C. Hern\u00e1ndez-Rodr\u00edguez, M. Friend &amp; M. Cendagorta. <strong>Fabrication of smooth, mirror-like and PbI2-free thin film perovskite layers in ambient conditions. <\/strong>EU PVSEC Proceedings.  <a href=\"https:\/\/www.eupvsec-proceedings.com\/proceedings?paper=47882\" target=\"_blank\" rel=\"noopener noreferrer\">DOI: <b>10.4229\/EUPVSEC20192019-3BV.2.8<\/b>.<\/a><\/p>\n<p>Oca\u00f1a, C. Montes, L. De Sousa-Vieira, J.S. Moreno-Ram\u00edrez, S. Gonz\u00e1lez-P\u00e9rez, B. Gonz\u00e1lez-D\u00edaz, C. Hern\u00e1ndez-Rodr\u00edguez, M. Friend &amp; M. Cendagorta. <strong>On the stability of planar CH3NH3PbI3 perovskite solar cells produced in ambient conditions by using polymer encapsulates. <\/strong>EU PVSEC Proceedings. <a href=\"https:\/\/www.eupvsec-proceedings.com\/proceedings?paper=47887\" target=\"_blank\" rel=\"noopener noreferrer\">DOI: <b>10.4229\/EUPVSEC20192019-3BV.2.10<\/b>.<\/a><\/p>\n<p>Montes, L. Oca\u00f1a, L. De Sousa-Vieira, S. Gonz\u00e1lez-P\u00e9rez, B. Gonz\u00e1lez-D\u00edaz, M. Friend &amp; M. Cendagorta. <strong>Studying the use of mixed binders made with epoxy resin and collodion for producing conductive inks for the metallization of perovskite solar cells via screen printing techniques. <\/strong>EU PVSEC Proceedings.<a href=\"https:\/\/www.eupvsec-proceedings.com\/proceedings?paper=47870\" target=\"_blank\" rel=\"noopener noreferrer\"> DOI: <b>10.4229\/EUPVSEC20192019-3BV.2.17<\/b>. <\/a> <\/p>\n<h3 class=\"fusion-responsive-typography-calculated\" data-fontsize=\"15\" data-lineheight=\"25.65px\">Dynamics and Challenges International Congress, 25-27 November, La Orotava, Spain<\/h3>\n<p>Izquierdo J., Alonso M., Delgado M., P\u00e9rez E., Armas D., Iriarte M. (2019). <strong>The positioning of the Canary Islands and Cape Verde as sustainable tourist destinations: challenges and opportunities from the point of view of the SOSTURMAC Project<\/strong>. Tourism in Islands in the XXI Century: Dynamics and Challenges International Congress, 25-27 November, La Orotava, Spain  <\/p>\n<p>Delgado M., Gonz\u00e1lez R., Marrero R., Iriarte M. (2019). <strong>Living Lab Bioclimatic Houses ITER \u2013 SOSTURMAC project<\/strong>. Tourism in Islands in the XXI Century: Dynamics and Challenges International Congress, 25-27 November, La Orotava, Spain <\/p>\n<h2 class=\"fusion-responsive-typography-calculated\" data-fontsize=\"15\" data-lineheight=\"45px\">Genomics Area<\/h2>\n<h3 class=\"fusion-responsive-typography-calculated\" data-fontsize=\"15\" data-lineheight=\"25.65px\">American Thoracic Society \u00b7 Dallas \u00b7 USA\u00b7 17-22 May 2019<\/h3>\n<p>Guillen-Guio B, Lorenzo-Salazar JM, Hernandez-Beeftink T, Corrales A, Ma SF, Espinosa E, Muriel A, Dom\u00ednguez D, Lorente L, Mart\u00edn MM, Rodr\u00edguez-Gallego C, Sol\u00e9-Viol\u00e1n J, Ambr\u00f3s A, Carriedo D, Blanco J, A\u00f1\u00f3n JM, Reilly JP, Jones TK, Ittner CAG,14 Feng R, Sch\u00f6neweck F, Kiehntopf M, Scholz M, Brunkhorst FM, Scherag A, Meyer NJ, Villar J, Flores C. <strong>Genome-Wide Association Study Implicates a Vascular Endothelial Grown Factor Receptor in Sepsis-induced Acute Respiratory Distress Syndrome.<\/strong> American Thoracic Society, 17-22 May 2019, Dallas, USA. <\/p>\n<p>Hern\u00e1ndez-Beeftink T, Guillen-Guio B, Rodr\u00edguez-P\u00e9rez H, Lorenzo-Salazar JM, Corrales A, Espinosa E, Muriel A, Dom\u00ednguez D, Garc\u00eda de Lorenzo A, A\u00f1\u00f3n JM, Belda J, Villar J, Flores C. <strong>Mitochondrial DNA in peripheral blood is a prognostic biomarker in sepsis-induced acute respiratory distress syndrome patients. <\/strong>American Thoracic Society, 17-22 May 2019, Dallas, USA.<\/p>\n<p>Flores C, Guillen-Guio B, Espinilla-Pe\u00f1a M, Hern\u00e1ndez-Beeftink T, Rodr\u00edguez-P\u00e9rez H, Corrales A, Marcelino-Rodr\u00edguez I, Pino-Yanes M, Callero A, Perez-Rodriguez E, Villar J. <strong>Admixture mapping of asthma in Canary Islanders (Spain) identifies a new susceptibility locus in cadherin 13 gene.<\/strong><br \/>\nAmerican Thoracic Society, 17-22 May 2019, Dallas, USA.<\/p>\n<h3 class=\"fusion-responsive-typography-calculated\" data-fontsize=\"15\" data-lineheight=\"25.65px\">XIX Pan-American Congress of Infectology. \u00b7 Paraguay \u00b7 29 May-1 June 2019.<\/h3>\n<p>Salinas C, Rodriguez F, Basualdo W, Qui\u00f1onez B, Mendoza A, D\u00edaz A, Gonzalez R, Lorenzo J, Flores C, Guill\u00e9n RM.<br \/>\n<b>First report in Paraguay of a hypervirulent strain of Staphylococcus aureus related to the USA300 clone.<\/b><b><br \/>\n<\/b>XIX Pan-American Congress of Infectology, 29 May-1 June 2019, Paraguay.<\/p>\n<h3 class=\"fusion-responsive-typography-calculated\" data-fontsize=\"15\" data-lineheight=\"25.65px\">European Human Genetics Conference \u00b7 Gotemburgo \u00b7 Sweden \u00b7 15-18 June 2019.<\/h3>\n<p>Gonz\u00e1lez-Montelongo R, Lorenzo-Salazar JM, Mu\u00f1oz-Barrera A, Rubio-Rodriguez LA, D\u00edaz-de Usera A, Mendoza-Alvarez A, Guillen-Guio B, Marcelino-Rodr\u00edguez I, Corrales A, Serra-Vidal G, Comas D, Flores C. <b>A whole-genome scan of natural selection in Canary Islanders. <\/b>European Human Genetics Conference 2019, 15-18 June 2019, Gotemburgo, Sweden. <\/p>\n<p>Guillen-Guio B, Marcelino-Rodriguez I, Mu\u00f1oz-Barrera A, Rubio-Rodr\u00edguez LA, Corrales A, D\u00edaz-de Usera A, Gonz\u00e1lez-Montelongo R, Lorenzo-Salazar JM, Flores C. <b>High-dimensional analysis of SNP array data reveals major subdivisions in the Canary Islands (Spain) population. <\/b>European Human Genetics Conference 2019, 15-18 June 2019, Gotemburgo, Sweden.<\/p>\n<p>Lorenzo-Salazar JM, D\u00edaz-de Usera A, Mu\u00f1oz-Barrera A, Rubio-Rodr\u00edguez LA, Guillen-Guio B, Corrales A, Marcelino-Rodriguez I, Comas D, Gonz\u00e1lez-Montelongo R, Alonso S, Flores C. <b>Topological data analysis of SNP array data exposes the genetic differentiation between Iberians and Canary Islanders. <\/b>European Human Genetics Conference 2019, 15-18 June 2019, Gotemburgo, Sweden.<\/p>\n<p>D\u00edaz-de Usera A, Rubio-Rodr\u00edguez LA, Mu\u00f1oz-Barrera A, Guillen-Guio B, Mendoza-Alvarez A, Corrales A, Marcelino-Rodr\u00edguez I, Pedrero-Garc\u00eda A, Cabrera de Le\u00f3n A, Gonz\u00e1lez-Montelongo R, Lorenzo-Salazar JM, Flores C. <b>Cataloging genetic variation in Canary Islanders by means of whole exome and genome sequencing. <\/b>European Human Genetics Conference 2019, 15-18 June 2019, Gotemburgo, Sweden.<\/p>\n<p>Mendoza-Alvarez A, Marcelino-Rodr\u00edguez I, Rubio-Rodriguez LA, Mu\u00f1oz-Barrera A, Callero A, Garcia-Robaina JC, Lorenzo-Salazar JM, Flores C.<br \/>\n<b>HADA: a resource for automated annotation of next-generation sequencing data in hereditary angioedema studies. <\/b>European Human Genetics Conference 2019, 15-18 June 2019, Gotemburgo, Sweden.<\/p>\n<p>Marcelino-Rodr\u00edguez I, Hern\u00e1ndez-Beeftink T, Guillen-Guio B, Rodr\u00edguez-P\u00e9rez H, Corrales A, Garc\u00eda-Laorden I, Dom\u00ednguez D, Espinosa E, Villar J, Flores C.<br \/>\n<b>Admixture mapping study of sepsis in an African-admixed population from southwestern Europe. <\/b>European Human Genetics Conference 2019, 15-18 June 2019, Gotemburgo, Sweden.<\/p>\n<h3 class=\"fusion-responsive-typography-calculated\" data-fontsize=\"15\" data-lineheight=\"25.65px\">XXI Congress of the Spanish Society of Physical Anthropology \u00b7 Granada \u00b7 Spain \u00b7 24-26 June 2019<\/h3>\n<p>Carlos Flores, Beatriz Guillen-Guio, Jos\u00e9 M. Lorenzo-Salazar, Rafaela Gonz\u00e1lez-Montelongo, Ana D\u00edaz-de Usera, Itahisa Marcelino-Rodr\u00edguez, Almudena Corrales, Antonio Cabrera-de-Le\u00f3n, Santos Alonso. <b>Genomic analyses of human European diversity at the southwestern edge: isolation, African influence and disease associations in the Canary Islands<\/b>. XXI Congress of the Spanish Society of Physical Anthropology \u00b7 24-26 June 2019, Granada, Spain  <\/p>\n<p>Jos\u00e9 M. Lorenzo-Salazar, Rafaela Gonz\u00e1lez-Montelongo, Adrian Mu\u00f1oz-Barrera, Luis Rubio-Rodr\u00edguez, Ana D\u00edaz-de Usera, Alejandro Mendoza-\u00c1lvarez, Beatriz Guillen-Guio, Itahisa Marcelino-Rodr\u00edguez, Almudena Corrales, Gerard Serra-Vidal, David Comas, Carlos Flores. <b>Whole-genome sequence data reveal selective signals in Canary Islanders.<\/b> XXI Congress of the Spanish Society of Physical Anthropology \u00b7 24-26 June 2019, Granada, Spain  <\/p>\n<p>Sonia Olaechea L\u00e1zaro, Santos Alonso Alegre, Saioa L\u00f3pez L\u00f3pez, Isabel Smith, Alicia Garc\u00eda de Galdeano, Conrado Mart\u00ednez-Cadenas, \u00d3scar Garc\u00eda, Carlos Flores, Jos\u00e9 M. Lorenzo-Salazar. <b>An\u00e1lisis de asociaci\u00f3n ambiental de la luz UV en la poblaci\u00f3n espa\u00f1ola.<\/b> XXI Congress of the Spanish Society of Physical Anthropology \u00b7 24-26 June 2019, Granada, Spain  <\/p>\n<h3 class=\"fusion-responsive-typography-calculated\" data-fontsize=\"15\" data-lineheight=\"25.65px\">British Association for Lung Research Summer Meeting \u201cLung injury and Repair\u201d 2019<\/h3>\n<p>Paynton M, Allen RJ, Oldham J, Ma SF, Fingerlin T, Braybrooke R, UK ILD Consortium, Sayers I, Hall IP, Tobin MD, Maher T, Molyneaux P, Schwartz D, Flores C, Noth I, Jenkins RG, Hollox EJ, Wain LV. <strong>Utilising human leukocyte antigen imputation to understand the role of genetic variation in immune system genes in idiopathic pulmonary fibrosis susceptibility.<\/strong> British Association for Lung Research Summer Meeting \u201cLung injury and Repair\u201d, 10-12 September 2019, Cambridge, United Kingdom.  <\/p>\n<p>Allen R, Guillen-Guio B, Oldham J, Ma SF, Dressen A, Payton ML, Kraven LM, UK ILD Consortium, Fibrosis Genetics Consortium, Obeidat M, Li X, Braybrooke R, Fingerlin TE, Hall IP, Sayers I, Tobin M, Maher TM, Schwartz DA, Yaspan BL, Molyneaux PL, Flores C, Noth I, Jenkins G, Wain L. <strong>Meta-analysis of idiopathic pulmonary fibrosis genome-wide analyses identifies three novel genetic signals associated with susceptibility.<\/strong> British Association for Lung Research Summer Meeting \u201cLung injury and Repair\u201d, 10-12 September 2019, Cambridge, United Kingdom.<\/p>\n<h3 class=\"fusion-responsive-typography-calculated\" data-fontsize=\"15\" data-lineheight=\"25.65px\">XII CIBERES Training Conference 2019<\/h3>\n<p>Espuela-Ortiz A, Lorenzo-D\u00edaz F, B\u00e1ez-Ortega A, Eng C, Hern\u00e1ndez-Pacheco N, Oh SS, Lenoir M, E.G. Burchard EG, Flores C, Pino-Yanes M.<br \/>\n<strong>African American children and young adults show different bacterial composition in saliva by asthma status<\/strong>.<br \/>\nXII CIBERES Training Conference 2019, 27 September 2019, Madrid.<\/p>\n<p>Hernandez-Pacheco N, Flores C, Herrera-Luis E, Corrales A, P\u00e9rez-M\u00e9ndez L, Pino-Yanes M.<br \/>\n<strong>Meta-analysis of inhaled corticosteroids response in European children with asthma.<\/strong><br \/>\nXII CIBERES Training Conference 2019, 27 September 2019, Madrid, Spain.<\/p>\n<h3 class=\"fusion-responsive-typography-calculated\" data-fontsize=\"15\" data-lineheight=\"25.65px\">European Respiratory Society Congress 2019<\/h3>\n<p>Hernandez-Pacheco N, Vijverberg SJ, Gorenjak M, Flores C, Francis B, Farzan N, Corrales A, Karimi L, Maroteau C, Schieck M, Repnik K, P\u00e9rez-M\u00e9ndez L, Soares P, Berce V, Tavendale R, Sardon O, Mukhopadhyay S, Pirmohamed M, Verhamme KMC, Kabesch M, Hawcutt DB, Turner ST, Palmer CN, Poto\u010dnik U, Maitland-van der Zee AH, Pino-Yanes M. <strong>Meta-analysis of inhaled corticosteroids response in European children with asthma<\/strong>. European Respiratory Society Congress 2019, 28 September-2 October 2019, Madrid, Spain.  <\/p>\n<h3 class=\"fusion-responsive-typography-calculated\" data-fontsize=\"15\" data-lineheight=\"25.65px\">XXIV Latin American Congress of Clinical Biochemistry \u00b7 Panama \u00b7 11-13 September 2019<\/h3>\n<p>Rodr\u00edguez F., Salinas C., Mendoza-\u00c1lvarez A., D\u00edaz de Usera A., Lorenzo-Salazar J.M., Gonz\u00e1lez-Montelongo R., Flores C., Guill\u00e9n-Fretes R. <strong>Community-acquired methicillin-resistant Staphylococcus aureus viruloma causing invasive infections in Paraguayan children.<\/strong> XXIV Latin American Congress of Clinical Biochemistry, 11-13 September 2019, Panama. Poster presentation.  <\/p>\n<h3 class=\"fusion-responsive-typography-calculated\" data-fontsize=\"15\" data-lineheight=\"25.65px\">American Society of Human Genetics (ASHG) Annual Meeting 2019<\/h3>\n<p>Paynton M, Allen RJ, Oldham J, Ma SF, Fingerlin T, Braybrooke R, UK ILD Consortium, Sayers I, Hall IP, Tobin MD, Maher T, Molyneaux P, Schwartz D, Flores C, Noth I, Jenkins RG, Hollox EJ, Wain LV. <strong>Utilising human leukocyte antigen imputation to understand the role of genetic variation in immune system genes in a meta-analysis of idiopathic pulmonary fibrosis susceptibility<\/strong>. American Society of Human Genetics (ASHG) Annual Meeting 2019, 15-19 October 2019, Houston, USA.  <\/p>\n<h3 class=\"fusion-responsive-typography-calculated\" data-fontsize=\"15\" data-lineheight=\"25.65px\">VII Bioinformatics Student Symposium 2019<\/h3>\n<p>Hern\u00e1ndez-Beeftink T, Guillen-Guio B, Rodr\u00edguez-P\u00e9rez H, Lorenzo-Salazar JM, Corrales A, Espinosa E, Muriel A, Dom\u00ednguez D, Garc\u00eda de Lorenzo A, A\u00f1\u00f3n JM, Belda J, Villar J, Flores C. <strong>Mitochondrial DNA in blood as a prognostic biomarker of acute respiratory distress syndrome after sepsis. <\/strong>VII Bioinformatics Student Symposium, 17 October 2019, Madrid. <\/p>\n<h3 class=\"fusion-responsive-typography-calculated\" data-fontsize=\"15\" data-lineheight=\"25.65px\">Pediatric Allergy and Asthma Meeting 2019<\/h3>\n<p>Hernandez-Pacheco N, Vijverberg SJ, Gorenjak M, Flores C, Herrera-Luis E, Granell R, Francis B, Farzan N, Corrales A, Karimi L, Maroteau C, Schieck M, Repnik K, P\u00e9rez-M\u00e9ndez L, Soares S, Berce V, Tavendale R, Sardon O, Mukhopadhyay S, Pirmohamed M, Mel\u00e9n E, Verhamme KMC, Kabesch M, Hawcutt DB, Turner S, Palmer CN, Poto\u010dnik U, Maitland-van der Zee AH. Pino-Yanes M, PiCA and SysPharmPedia consortia. <strong>WNT5A and CNTNAP5 associate with inhaled corticosteroids response in children with asthma.<\/strong> Pediatric Allergy and Asthma Meeting 2019, 17-19 October 2019, Florencia, Italy.  <\/p>\n<p><strong>International Symposium. Advances and Perspectives in Cutaneous Allergy and Immunology (SEAIC) 2019 <\/strong><\/p>\n<p>Mendoza-Alvarez A, Mu\u00f1oz-Barrera A, Marcelino-Rodr\u00edguez I., Callero A, Lorenzo-Salazar JM, Flores C. <strong>HADA: towards automated prediction of the pathogenicity of genetic variation in hereditary angioedema.<\/strong> International Symposium \u2018Advances and Perspectives in Cutaneous Allergy and Immunology\u2019, 23-26 October 2019, Gran Canaria, Spain.<\/p>\n<p>Guillen-Guio B, Hern\u00e1ndez-Beeftink T, Marcelino-Rodr\u00edguez I, Rodr\u00edguez-P\u00e9rez H, Perez-Rodriguez E, Flores C. <strong>A mixture mapping in the Canary Islands identifies a new asthma locus in the cadherine 13 gene.<\/strong> International Symposium &#8220;Advances and Perspectives in Skin Allergy and Immunology&#8221;, 23-26 October 2019, Gran Canaria, Spain.<\/p>\n<p><strong>British Thoracic Society Winter Meeting 2019<\/strong><\/p>\n<p>Allen R, Guillen-Guio B, Oldham J, Ma SF, Dressen A, Payton ML, Kraven LM, UK ILD Consortium, Fibrosis Genetics Consortium, Obeidat M, Li X, Braybrooke R, Fingerlin TE, Hall IP, Sayers I, Tobin M, Maher TM, Schwartz DA, Yaspan BL, Molyneaux PL, Flores C, Noth I, Jenkins G, Wain L. <strong>Meta-analysis of idiopathic pulmonary fibrosis genome-wide analyses identifies three novel genetic signals associated with susceptibility. <\/strong>British Thoracic Society Winter Meeting, 4-6 October 2019, London, United Kingdom.<\/p>\n<h2 class=\"fusion-responsive-typography-calculated\" data-fontsize=\"15\" data-lineheight=\"45px\">Environment Area<\/h2>\n<h3 class=\"fusion-responsive-typography-calculated\" data-fontsize=\"15\" data-lineheight=\"25.65px\">Workshop International Melt Evolution in Space and Time \u00b7 Melbourne \u00b7 Australia \u00b7 14 \u2013 25 February 2019<\/h3>\n<p>Matthew J Pankhurst (2019). <strong>New explanations of basaltic melt controlled phenomena using dis-equilibrium patterns and 4-dimensional observations.<\/strong> Workshop International Melt Evolution in Space and Time, Monash University, Melbourne, Australia, 14 \u2013 25 February 2019 <\/p>\n<h3 class=\"fusion-responsive-typography-calculated\" data-fontsize=\"15\" data-lineheight=\"25.65px\">European Geosciences Union (EGU) General Assembly \u00b7 Vienna \u00b7 Austria \u00b7 7\u201312 April 2019<\/h3>\n<p>Acosta L., Smellie N. E., Whittaker L. J., Padr\u00f3n E., Rodr\u00edguez F., Padilla G. D., Meli\u00e1n G. V., Barrancos J., Asensio-Ramos M., Hern\u00e1ndez P. A. and P\u00e9rez N. M. (2019). <strong>Geochemical monitoring of El Hierro volcano (Canary Islands) by means of diffuse CO2 degassing surveys.<\/strong> Geophysical Research Abstracts. Vol. 21, EGU2019-11102  <\/p>\n<p>Albertos V. T., Hopson J. D., Silva S. V., Pereira J. M., Padr\u00f3n E., Meli\u00e1n G. V., Hern\u00e1ndez P. A. and P\u00e9rez N. M. (2019). <strong>Diffuse CO2 degassing from Brava Volcanic System, Cape Verde: a valuable tool to forecast volcanic unrest episodes.<\/strong> Geophysical Research Abstracts. Vol. 21, EGU2019-1403  <\/p>\n<p>Alonso M., Johnson A., McLaughlin M. E., Garc\u00eda-Merino M., Morales C., Padr\u00f3n E., Rodr\u00edguez F., Przeor M., Leal V. and P\u00e9rez N. M. (2019). <strong>Short-term variations of diffuse thermal energy released from the summit crater of Teide volcano, Tenerife, Canary Islands.<\/strong> Geophysical Research Abstracts. Vol. 21, EGU2019-1488  <\/p>\n<p>Amonte C., Lyons M. A., Larsen W., Meli\u00e1n G. V., Asensio-Ramos M., Padr\u00f3n E., Hern\u00e1ndez P. A. and P\u00e9rez N. M. (2019). <strong>Ground water geochemical monitoring for the volcanic surveillance of Tenerife, Canary Islands.<\/strong> Geophysical Research Abstracts. Vol. 21, EGU2019-1501  <\/p>\n<p>Asensio-Ramos M., Rodr\u00edguez-P\u00e9rez C., Hern\u00e1ndez P. A., Padilla G. D., Amonte C., Padr\u00f3n E., Baldago C., Meli\u00e1n G. V., P\u00e9rez N. M., Arcilla C., Lagmay A. M., Rodr\u00edguez F., Alonso M. and Aurelio M. A. (2019). <strong>Ten years of monitoring diffuse CO2 degassing from Taal volcanic crater lake, Phillippines.<\/strong> Geophysical Research Abstracts. Vol. 21, EGU2019-11252  <\/p>\n<p>Barrancos J., Hua Q., Mandalia T., McMillan T. R., Weaving R. L., Cervig\u00f3n-Tomico G., D\u2019Auria L., Garc\u00eda-Hern\u00e1ndez R., Padilla G. D., Przeor M. and P\u00e9rez N. M. (2019). <strong>Is the seismicity of Tenerife (Canary Islands) increasing?<\/strong> Geophysical Research Abstracts. Vol. 21, EGU2019-7304  <\/p>\n<p>Cabrera I., Kovacik J., Piggot S. E., Soubestre J., D\u2019Auria L., Barrancos J., Padilla G. D., Mart\u00edn-Lorenzo A. and P\u00e9rez N. M. (2019). <strong>Non-linear Multiscale Ambient Seismic Noise Tomography of Cumbre Vieja volcano, La Palma (Canary Islands).<\/strong> Geophysical Research Abstracts. Vol. 21, EGU2019-925-1  <\/p>\n<p>Calvo D., Asensio-Ramos M., Acosta L., Alonso M., Morales C., Albertos-Blanchard V. T., Amonte C., Rodr\u00edguez F., Barrancos J., Meli\u00e1n G. V., Padr\u00f3n E., P\u00e9rez E., Tassi F., Raco B., L\u00f3pez D., Hern\u00e1ndez P. A. and P\u00e9rez N. M. (2019). <strong>Evaluating the estimated methane emission into the atmosphere by landfills in Spain.<\/strong> Geophysical Research Abstracts. Vol. 21, EGU2019-9829  <\/p>\n<p>Cervig\u00f3n-Tomico G., Cabrera-P\u00e9rez I., Madarieta A., Sl\u02dbezak K., Rodr\u00edguez F., D\u2019Auria L. and P\u00e9rez N. M. (2019). <strong>Seismic noise workshops for highschool students: improving Earth science literacy and regional understanding.<\/strong> Geophysical Research Abstracts. Vol. 21, EGU2019-1305  <\/p>\n<p>Coldwell B. C., Pankhurst M. J., Ribiero S., Padr\u00f3n E., Asensio-Ramos M. and P\u00e9rez N. M. (2019). <strong>Contributions to the radiogenic isotopic fingerprint of Tenerife wine from land, sea and air.<\/strong> Geophysical Research Abstracts. Vol. 21, EGU2019-14685  <\/p>\n<p>Cordero M., Amonte C., Meli\u00e1n G. V., Toulkeridis T., Alonso M., Bustos A., Padr\u00f3n E., Asensio-Ramos M., Hern\u00e1ndez P. A. and P\u00e9rez N. M. (2019). <strong>Monitoring CO2 emission from Cuicocha Volcanic Lake, Ecuador.<\/strong> Geophysical Research Abstracts. Vol. 21, EGU2019-11298  <\/p>\n<p>D\u2019Auria L., Davies O., Knowles D. B., Russo B. M., Tucker A. J., Cabrera I., Madarieta A., Morales C., Soubestre J. and Hern\u00e1ndez P. A. (2019). <strong>Earthquake clusters in the seismicity of Tenerife (Canary Islands, Spain).<\/strong> Geophysical Research Abstracts. Vol. 21, EGU2019-6903  <\/p>\n<p>Di Paolo F. and D\u2019Auria L. (2019). <strong>Pitfalls and ambiguities in the inversion of volcanic infrasound data.<\/strong> Geophysical Research Abstracts. Vol. 21, EGU2019-5896  <\/p>\n<p>Dom\u00ednguez-P\u00e9rez R., Kylborg S. E., Green J. P., Meli\u00e1n G. V., Padilla G. D., Asensio-Ramos M., Garc\u00eda-Hern\u00e1ndez R., Rodr\u00edguez F., Barrancos J., Amonte C., Morales C., Alonso M., Cabrera I., Acosta L., Przeor M., Garc\u00eda-Merino M., Padr\u00f3n E., D\u2019Auria L., Hern\u00e1ndez P. A. and Nemesio M. P\u00e9rez. (2019). <strong>Spatial-temporal variastions of surface diffuse CO2 degassing from Cumbre Vieja volcano, La Palma, Canary Islands.<\/strong> Geophysical Research Abstracts. Vol. 21, EGU2019-11384   <\/p>\n<p>D\u00f3niz-Pa\u00e9z J., Przeor M. and Hern\u00e1ndez W. (2019). <strong>Urban geotourism in the volcanic island of Tenerife, Canary Islands, Spain.<\/strong> Geophysical Research Abstracts. Vol. 21, EGU2019-11551  <\/p>\n<p>Garc\u00eda-Hern\u00e1ndez R., D\u2019Auria L., Padilla G. D. and Barrancos J. (2019). <strong>Multiscale spatio-temporal analysis of seismicity: application to the 2016-2017 seismic sequence in Central Italy.<\/strong> Geophysical Research Abstracts. Vol. 21, EGU2019-1175  <\/p>\n<p>Garc\u00eda-Merino M., Grewal G., Mestel E., Spero H., Mart\u00edn-Lorenzo A., Meli\u00e1n G. V., Amonte C., Rodr\u00edguez F., Asensio-Ramos M., Cordero M., Hopson J., Dom\u00ednguez R., Hern\u00e1ndez W. and Rayo S. (2019). <strong>Soil gas CO2 concentration, isotopic ratio and efflux measurements for geothermal exploration at Tenerife, Canary Islands.<\/strong> Geophysical Research Abstracts. Vol. 21, EGU2019-1423 <\/p>\n<p>Hern\u00e1ndez P. A., Sagiya T., Rodr\u00edguez F., Alonso M., Gonz\u00e1lez J. D., Meli\u00e1n G. V., Padr\u00f3n E. and P\u00e9rez N. M. (2019). <strong>Diffuse CO2 and 222Rn degassing monitoring of Ontake volcano, Japan geoturismo.<\/strong> Geophysical Research Abstracts. Vol. 21, EGU2019-11337  <\/p>\n<p>Hern\u00e1ndez W., Przeor M. and D\u00f3niz-Pa\u00e9z J. (2019). <strong>Geotourism in the oceanic active volcanic island of Tenerife, Canary Islands, Spain.<\/strong> Geophysical Research Abstracts. Vol. 21, EGU2019-11533  <\/p>\n<p>Hopson J. D., Duncan E. B., Stafford T., Alonso M., Garc\u00eda-Merino M., Amonte C., Cordero M., Meli\u00e1n G. V., Asensio-Ramos M., Albertos-Blanchard V. T., Dominguez R. and P\u00e9rez N. M. (2019). <strong>Short-term variations of diffuse He and H2 at the summit crater of Teide volcano, Tenerife, Canary Islands.<\/strong> Geophysical Research Abstracts. Vol. 21, EGU2019-10164-1  <\/p>\n<p>Leal V., Monti A., Chaytor D., Rodr\u00edguez-P\u00e9rez C., Dom\u00ednguez R., Rayo-Mato S., Hern\u00e1ndez W., Ortega V., Acosta L., Cordero M., Mart\u00edn A., Amonte C., Padr\u00f3n E., Asensio-Ramos M. and P\u00e9rez N. M. (2019). <strong>Alkaline traps network to monitor soil CO2 efflux weekly measurements for the volcanic surveillance at Tenerife, Canary Islands.<\/strong> Geophysical Research Abstracts. Vol. 21, EGU2019-11486  <\/p>\n<p>Madarieta-Churruca A., Cervig\u00f3n-Tomico G., Cabrera-P\u00e9rez I., Morales-Oca\u00f1a C., M\u00e1rtinez van Dorth D., and Przeor M. (2019). <strong>The feeding system of volcanoes imaged by magnetic data: The case of 1704-1705 Tenerife historical eruptions.<\/strong> Geophysical Research Abstracts. Vol. 21, EGU2019-1045-1 <\/p>\n<p>Mart\u00edn Lorenzo A., Broadhurst T., Clyne H. K., Davis D. A., Garc\u00eda-Merino M., Rodr\u00edguez F., Ortega V., Meli\u00e1n G. V., Amonte C., Asensio-Ramos M., Cordero M., Albertos V. T., Rayo-Mato S. and Hern\u00e1ndez P. A. (2019). <strong>Surface geothermal exploration at Tenerife (Canary Islands) by means of soil gas He and H2 surveys.<\/strong> Geophysical Research Abstracts. Vol. 21, EGU2019-1418 <\/p>\n<p>Mart\u00ednez van Dorth D., Niu Z. E., Royo K. R., Sandhu R. S., Nelson K. M., Di Paolo F., Slezak K., Cabrera-P\u00e9rez I., Mart\u00edn Lorenzo A., Ledo J. and P\u00e9rez N. M. (2019). <strong>Magnetotelluric data acquisition and processing on the volcanic island of La Palma (Canary Islands, Spain).<\/strong> Geophysical Research Abstracts. Vol. 21, EGU2019-527-2  <\/p>\n<p>Meli\u00e1n G. V., Asensio-Ramos M., Gon\u00e7alves N., Garc\u00eda-Merino M., Barreto D., Hern\u00e1ndez P. A., Fernandes A. L., Prada S., Barrancos J. and P\u00e9rez, N. M. (2019). <strong>Diffuse degassing at the oceanic volcanic island of Madeira, Portugal.<\/strong> Geophysical Research Abstracts. Vol. 21, EGU2019-10074  <\/p>\n<p>Morales C., Niang D., Jaeger B., Acosta L., Albertos-Blanchard V. T., Asensio-Ramos M., Padr\u00f3n E., Hern\u00e1ndez P. A. and P\u00e9rez N. M. (2018). <strong>Yearly monitoring of the fugitive CH4 and CO2 emissions from the Arico\u2019s closed landfill, Tenerife, Canary Islands.<\/strong> Geophysical Research Abstracts. Vol. 21, EGU2019-9678  <\/p>\n<p>Ortega V., Meredith E. S., Cutler K., Padr\u00f3n E., Asensio-Ramos M., Meli\u00e1n G. M., Hern\u00e1ndez P. A. and P\u00e9rez N. M. (2019). <strong>Monitoring diffuse CO2 degassing in a monogenetic volcanic field during a quiescent period: the case of Timanfaya volcano (Lanzarote, Canary Islands, Spain).<\/strong> Geophysical Research Abstracts. Vol. 21, EGU2019-1409 <\/p>\n<p>Padilla G. D., P\u00e9rez N. M., Hern\u00e1ndez P. A., Padr\u00f3n E., Barrancos J., Meli\u00e1n G. V. and D\u2019Auria L. (2019). <strong>Long-term continuous monitoring of CO2 emission from the summit cone of Teide volcano, Tenerife, Canary Islands.<\/strong> Geophysical Research Abstracts. Vol. 21, EGU2019-9310  <\/p>\n<p>Padr\u00f3n E., Alonso M., Morales C., Meli\u00e1n G. M., Asensio-Ramos M., Hern\u00e1ndez P. A., Silva C., Viveiros F. and P\u00e9rez, N. M. (2019). <strong>Soil CO2, H2S, He and H2 emissions at Furnas volcano, S\u00e3o Miguel Island, Azores.<\/strong> Geophysical Research Abstracts. Vol. 21, EGU2019-9940-2  <\/p>\n<p>P\u00e9rez J., Jones C. M., Lobato R. A., Brooksby K. C., L\u00f3pez-Saavedra M., Albertos-Blanchard V. T., Barrancos J., Padilla G. D., Asensio-Ramos M., Padr\u00f3n E., Meli\u00e1n G. V., Hern\u00e1ndez P. A. and P\u00e9rez N. M. (2019). <strong>Monitoring of SO2 and NO2 emission rates of power plants and refinery in Tenerife through mini-DOAS measurements in mobile-terrestrial position.<\/strong> Geophysical Research Abstracts. Vol. 21, EGU2019-11057 <\/p>\n<p>P\u00e9rez N. M., Garc\u00eda-Merino M., Padr\u00f3n E., Meli\u00e1n G. V., Asensio-Ramos M. and Hern\u00e1ndez P. A. (2019). <strong>Dissolved gas geochemistry for geothermal exploration in Gran Canaria.<\/strong> Geophysical Research Abstracts. Vol. 21, EGU2019-17495  <\/p>\n<p>Prieto A., D\u2019Auria L., Macedonio G., Hern\u00e1ndez P. A. and Hern\u00e1ndez W. (2019). <strong>Disruption of air traffic by small-magnitude eruptions: possible scenarios for the Canary Islands.<\/strong> Geophysical Research Abstracts. Vol. 21, EGU2019-537  <\/p>\n<p>Przeor M., D\u2019Auria L., Pepe S. and Tizzani P. (2019). <strong>Anticorrelated ground deformation between Mauna Loa and Kilauea.<\/strong> Geophysical Research Abstracts. Vol. 21, EGU2019-1331  <\/p>\n<p>Rajaeitabrizi Y., Salehiozoumchelouei R., D\u2019Auria L. and S\u00e1nchez de la Rosa J. L. (2019). <strong>Adaptative spectral subtraction for enhancing microearthquake signals.<\/strong> Geophysical Research Abstracts. Vol. 21, EGU2019-7141  <\/p>\n<p>Rayo-Mato S., Harris E., Vidal C., Rodr\u00edguez F., Meli\u00e1n G. V., Padr\u00f3n E., Asensio-Ramos M., Barrancos J., Padilla G. D., Hern\u00e1ndez P. A. and P\u00e9rez, N. M. (2019). <strong>Surface diffuse degassing monitoring of the Tenerife Northwestern Rift Zone (NWRZ) volcano, Canary Islands.<\/strong> Geophysical Research Abstracts. Vol. 21, EGU2019-11447  <\/p>\n<p>Rodr\u00edguez F., Palmer N. E. R., Kirshner M., Padr\u00f3n E., Meli\u00e1n G. V., Asensio-Ramos M., Ortega V., Hern\u00e1ndez P. A. and P\u00e9rez, N. M. (2019). <strong>Geochemical monitoring of the Tenerife Northeastern Rift Zone (NERZ) volcano (Canary Islands) by means of diffuse CO2 degassing surveys.<\/strong> Geophysical Research Abstracts. Vol. 21, EGU2019-1508 <\/p>\n<p>Rodr\u00edguez-P\u00e9rez C., Manns D. J. C., Carleo V., Alonso M., Rodr\u00edguez F., Asensio-Ramos M., Meli\u00e1n G. V., Padr\u00f3n E., Hern\u00e1ndez P. A. and P\u00e9rez N. M. (2019). <strong>Diffuse CO2 degassing monitoring of the Tenerife North\u2013South Rift Zone (NSRZ) volcano (Canary Islands).<\/strong> Geophysical Research Abstracts. Vol. 21, EGU2019-1523  <\/p>\n<p>S\u00e1ez L., Palmer J. L., Haughton R., Amonte C., Cordero M., Hopson-Safatli J., Rayo-Mato S., Alonso M., Albertos-Blanchard V. T., Rodr\u00edguez F., Padr\u00f3n E., Asensio-Ramos M., Garc\u00eda-Merino M. and P\u00e9rez N. M. (2019). <strong>Low cost soil CO2 efflux monitoring network for the volcanic surveillance of Cumbre Vieja volcano, La Palma, Canary Islands.<\/strong> Geophysical Research Abstracts. Vol. 21, EGU2019-11179 <\/p>\n<p>Salehiozoumchelouei R., Rajaeitabrizi Y., S\u00e1nchez de la Rosa J. L. and D\u2019Auria L. (2019). <strong>Financial tools to multiscale analysis of geophysical and geochemical time series.<\/strong> Geophysical Research Abstracts. Vol. 21, EGU2019-7640  <\/p>\n<p>Sl\u02dbezak K., Ledo J., Di Paolo F., Mart\u00ednez van Dorth D., Kitamikado C. R., Fell A. J. M. and P\u00e9rez N. M. (2019). <strong>3D electrical resistivity model of La Palma Island (Canary Islands, Spain) from magnetotelluric data.<\/strong> Geophysical Research Abstracts. Vol. 21, EGU2019-5680  <\/p>\n<p>Soubestre J., Seydoux L., D\u2019Auria L., Barrancos J., Padilla G. D., Shapiro N. M. and Perez N. M. (2019). <strong>Automatic seismic network-based monitoring of Tenerife (Canary Islands, Spain).<\/strong> Geophysical Research Abstracts. Vol. 21, EGU2019-9722  <\/p>\n<h3 class=\"fusion-responsive-typography-calculated\" data-fontsize=\"15\" data-lineheight=\"25.65px\">International Workshop on Geothermal Energy, IEA Geothermal \u00b7 Gran Canaria \u00b7 Spain \u00b7 8 \u2013 9 April 2019<\/h3>\n<p>Nemesio M. Perez (2019). <strong>Surface geothermal exploration by means of geochemical and geophysical methods at the oceanic active volcanic islands of Tenerife and Gran Canaria.<\/strong> International Workshop on Geothermal Energy, IEA Geothermal, Gran Canaria, Spain <\/p>\n<h3 class=\"fusion-responsive-typography-calculated\" data-fontsize=\"15\" data-lineheight=\"25.65px\">Goldschmidt International Conference \u00b7 Barcelona \u00b7 Spain \u00b7 18 \u2013 23 August 2019<\/h3>\n<p>Gueninchault N., Pankhurst M., Andrew M. and Hill E (2019). <strong>Crystallographic Orientation of a Silicate Mineral Measured Using Laboratory Diffraction Contrast Tomography.<\/strong> Goldschmidt International Conference, Barcelona, Spain <\/p>\n<p>Padr\u00f3n E., Hern\u00e1ndez P. A., Meli\u00e1n G., P\u00e9rez N. M., D\u2019Auria L., Asensio-Ramos M. and Alonso M. (2019). <strong>Anomalous Diffuse H2 Degassing Prior to the Recent Magmatic Intrusion at Cumbre Vieja Volcano, La Palma, Canary Islands<\/strong>. Goldschmidt International Conference, Barcelona, Spain <\/p>\n<p>Perez N M., Meli\u00e1n G., Padr\u00f3n E., Hern\u00e1ndez P. A., D\u2019Auria L., Asensio-Ramos M. and Alonso M. (2019). <strong>Observed Anomalous Diffuse Gas Emission Rates and Heat Flow from the Summit Crater of Teide Volcano, Tenerife, Canary Islands. <\/strong>Goldschmidt International Conference, Barcelona, Spain<\/p>\n<p>Pankhurst M., Morgan D., Thordarson T. and Loughlin S. (2019). <strong>Crystals with 4D and Physicochemical Context Reveal a Complete Magma Pathway, and Eruption Phenomena Linked to Mantle Magma Supply and Shutdown, throughout the Entire 2010 Eruption of Eyjafjallaj\u00f6kull, Iceland. <\/strong>Goldschmidt International Conference, Barcelona, Spain<\/p>\n<p>Coldwell B., Pankhurst M., Cordero M., Ribeiro S., Fransisco J., Padron E., Asensio-Ramos M. and P\u00e9rez N. M. (2019). <strong>Contributions to the Isotopic Fingerprint of Tenerife Wine \u2013 Natural or Anthropogenic? <\/strong>Goldschmidt International Conference, Barcelona, Spain <\/p>\n<h3 class=\"fusion-responsive-typography-calculated\" data-fontsize=\"15\" data-lineheight=\"25.65px\"><b>Passive Imaging Workshop \u00b7 Cargese, Corsica \u00b7 France \u00b7 16 \u2013 20 September 2019<\/b><\/h3>\n<p>Jean Soubestre, Luca D\u2019Auria, German D. Padilla, Jos\u00e9 Barancos, L\u00e9onard Seydoux, Nikola\u00ef M. Shapiro, Nemesio M. Perez (2019). <b>Automatic seismic network-based monitoring of Tenerife, Canary Islands<\/b>. Passive Imaging Workshop, Carg\u00e8se, Corsica, France.  <\/p>\n<h3 class=\"fusion-responsive-typography-calculated\" data-fontsize=\"15\" data-lineheight=\"25.65px\">Annual Workshop 2019 of the IASPEI\/IAVCEI Inter-Association Commission on \u201cVolcano Seismology &amp; Acoustics\u201d \u00b7 Garachico (Tenerife, Islas Canarias) \u00b7 Spain \u00b7 27 September \u2013 3 October, 2019<\/h3>\n<p>Luca D\u2019Auria, Jose\u0301 Barrancos, Germa\u0301n D. Padilla, Nemesio M. Pe\u0301rez, Pedro A. Herna\u0301ndez, Gladys Melia\u0301n, Eleazar Padro\u0301n, Mari\u0301a Asensio-Ramos and Rube\u0301n Garci\u0301a-Herna\u0301ndez (2019). <strong> The Oct. 2nd 2016 long-period seismic swarm Tenerife (Canary Islands)<\/strong>. Annual Workshop 2019 of the IASPEI\/IAVCEI Inter-Association Commission on \u201cVolcano Seismology &amp; Acoustics\u201d, Garachico, Tenerife, Spain.  <\/p>\n<p>Jean Soubestre, Luca D\u2019Auria, Jos\u00e9 Barrancos, German D. Padilla, L\u00e9onard Seydoux, Nikolai M. Shapiro and Nemesio M. Perez (2019). <strong>Automatic seismic network-based monitoring of Tenerife (Canary Islands, Spain)<\/strong>. Annual Workshop 2019 of the IASPEI\/IAVCEI Inter-Association Commission on \u201cVolcano Seismology &amp; Acoustics\u201d, Garachico, Tenerife, Spain. <\/p>\n<p>Garazi Bidaurrazaga Aguirre, David Mart\u00ednez van Dorth, Iv\u00e1n Cabrera-P\u00e9rez, Germ\u00e1n Cervig\u00f3n Tomico, Airam Morales Gonz\u00e1lez, Gerardo R\u00edos Marrero, Luc\u00eda S\u00e1ez Gabarr\u00f3n, V\u00edctor Ortega Ramos, Alberto Prieto Ant\u00fanez, Federico Di Paolo, Jean Soubestre, Luca D\u2019Auria and Nemesio M. P\u00e9rez (2019). <strong>Seismic hazard associated with volcanic seismicity: high resolution mapping of the local seismic response at San Crist\u00f3bal de La Laguna (Tenerife)<\/strong>. Annual Workshop 2019 of the IASPEI\/IAVCEI Inter-Association Commission on \u201cVolcano Seismology &amp; Acoustics\u201d, Garachico, Tenerife, Spain. <\/p>\n<p>Iv\u00e1n Cabrera-P\u00e9rez, Jean Soubestre, Luca D\u2019Auria, Jos\u00e9 Barrancos, Germ\u00e1n D. Padilla and Nemesio M. P\u00e9rez (2019). <strong>Improving earthquake location using Ambient Noise Tomography: The case of Cumbre Vieja volcano (La Palma, Canary Island).<\/strong> Annual Workshop 2019 of the IASPEI\/IAVCEI Inter-Association Commission on \u201cVolcano Seismology &amp; Acoustics\u201d, Garachico, Tenerife, Spain. <\/p>\n<p>Luca D\u2019Auria, Jose\u0301 Barrancos and German D. Padilla (2019). <strong>Problems in seismological monitoring of volcanic islands: unbalanced networks<\/strong>. Annual Workshop 2019 of the IASPEI\/IAVCEI Inter-Association Commission on \u201cVolcano Seismology &amp; Acoustics\u201d, Garachico, Tenerife, Spain. <\/p>\n<p>Federico Di Paolo and Luca D\u2019Auria (2019). <strong>Pitfalls and ambiguities in the inversion of volcanic infrasound data: searching for an optimal network configuration.<\/strong> Annual Workshop 2019 of the IASPEI\/IAVCEI Inter-Association Commission on \u201cVolcano Seismology &amp; Acoustics\u201d, Garachico, Tenerife, Spain. <\/p>\n<p>Vidal Dom\u00ednguez, Jos\u00e9 Barrancos, Luca D\u2019Auria, German D. Padilla, Jean Soubestre, Iv\u00e1n Cabrera-P\u00e9rez and Nemesio M. P\u00e9rez (2019). <strong>Bringing volcano seismology at school: The Red S\u00edsmica Canaria Escolar (RESECAN) project<\/strong>. Annual Workshop 2019 of the IASPEI\/IAVCEI Inter-Association Commission on \u201cVolcano Seismology &amp; Acoustics\u201d, Garachico, Tenerife, Spain. <\/p>\n<p>Rub\u00e9n Garc\u00eda-Hern\u00e1ndez and Luca D\u2019Auria (2019). <strong>4D imaging of the seismic energy release at El Hierro volcano.<\/strong> Annual Workshop 2019 of the IASPEI\/IAVCEI Inter-Association Commission on \u201cVolcano Seismology &amp; Acoustics\u201d, Garachico, Tenerife, Spain. <\/p>\n<p>William Hern\u00e1ndez, Germ\u00e1n Padilla, Luc\u00eda S\u00e1ez-Gabarr\u00f3n, Airam Morales and Luca D\u2019Auria (2019). <strong>Using GIS as a tool for planning deployment and improvement of seismic networks.<\/strong> Annual Workshop 2019 of the IASPEI\/IAVCEI Inter-Association Commission on \u201cVolcano Seismology &amp; Acoustics\u201d, Garachico, Tenerife, Spain. <\/p>\n<p>V\u00edctor Ortega, Iv\u00e1n Cabrera-P\u00e9rez and Luca D\u2019Auria (2019). <strong>Imaging the deep structure of Tenerife by Seismic Receiver Functions.<\/strong> Annual Workshop 2019 of the IASPEI\/IAVCEI Inter-Association Commission on \u201cVolcano Seismology &amp; Acoustics\u201d, Garachico, Tenerife, Spain. <\/p>\n<p>Germ\u00e1n D. Padilla, Jos\u00e9 Barrancos, Luca D\u2019Auria, Iv\u00e1n Cabrera-P\u00e9rez, Jean Soubestre, Monika Przeor and Rub\u00e9n Garc\u00eda-Hernandez (2019). <strong>Quantitative analysis of volcanic seismic monitoring networks: the performance of the Red S\u00edsmica Canaria (RSC).<\/strong> Annual Workshop 2019 of the IASPEI\/IAVCEI Inter-Association Commission on \u201cVolcano Seismology &amp; Acoustics\u201d, Garachico, Tenerife, Spain. <\/p>\n<p>Monika Przeor, Luca D\u2019Auria, Susi Pepe, Pietro Tizzani (2019). <strong>Seismicity associated to the anti-correlated ground deformation between Mauna Loa and Kilauea.<\/strong> Annual Workshop 2019 of the IASPEI\/IAVCEI Inter-Association Commission on \u201cVolcano Seismology &amp; Acoustics\u201d, Garachico, Tenerife, Spain. <\/p>\n<p>Yousef Rajaeitabrizi, Robabeh Salehiozoumchelouei, Luca D\u2019Auria and Jos\u00e9 Luis S\u00e1nchez de la Rosa (2019). <strong>Enhancing the detection of volcano-tectonic microearthquakes through adaptive spectral subtraction.<\/strong> Annual Workshop 2019 of the IASPEI\/IAVCEI Inter-Association Commission on \u201cVolcano Seismology &amp; Acoustics\u201d, Garachico, Tenerife, Spain. <\/p>\n<p>Robabeh Salehiozoumchelouei, Yousef Rajaeitabrizi, Jos\u00e9 Luis S\u00e1nchez de la Rosa and Luca D\u2019Auria (2019). <strong>Financial market tools for the multiscale analysis of geophysical time series.<\/strong> Annual Workshop 2019 of the IASPEI\/IAVCEI Inter-Association Commission on \u201cVolcano Seismology &amp; Acoustics\u201d, Garachico, Tenerife, Spain. <\/p>\n<h3 class=\"fusion-responsive-typography-calculated\" data-fontsize=\"15\" data-lineheight=\"25.65px\">International Conference on Gas Geochemistry 2019. Palermo &amp; Milazzo | Italy | 30 September \u2013 5 Octuber, 2019 <\/h3>\n<p>Gladys Meli\u00e1n, Eleazar Padr\u00f3n, Nemesio M. P\u00e9rez, Pedro A. Hern\u00e1ndez, Mar\u00eda Asensio-Ramos, Cecilia Amonte and Alba Mart\u00edn-Lorenzo (2019). <strong>Anomalous diffuse H2 degassing prior to the recent magmatic intrusion at Cumbre Vieja volcano, La Palma, Canary Islands<\/strong>. International Conference on Gas Geochemistry 2019, Palermo &amp; Milazzo, Italy <\/p>\n<p>Mar Alonso, Eleazar Padr\u00f3n, Pedro A. Hern\u00e1ndez, Hirochika Sumino, Nemesio M. P\u00e9rez, Samara M. Dionis, Gladys V. Meli\u00e1n, Paulo Fernandes, Germ\u00e1n Padilla, F\u00e1tima Rodr\u00edguez, Mar\u00eda Asensio-Ramos, S\u00f3nia Silva, Violeta T. Albertos, Cecilia Amonte, Jos\u00e9 M. Pereira and Guillermo Recio (2019). <strong>Heat and Helium-3 Fluxes from Fogo volcano, Cape Verde<\/strong>. International Conference on Gas Geochemistry 2019, Palermo &amp; Milazzo, Italy <\/p>\n<p>Eleazar Padr\u00f3n, Nemesio M. P\u00e9rez, Pedro A. Hern\u00e1ndez, Gladys Meli\u00e1n, Mar\u00eda Asensio-Ramos And Mar Alonso (2019). <strong>Soil gas 4He\/CO2 ratio and volcanic activity.<\/strong> International Conference on Gas Geochemistry 2019, Palermo &amp; Milazzo, Italy <\/p>\n<p>Pedro A. Hern\u00e1ndez, Ma. Criselda B. Baldago, Germ\u00e1n D. Padilla, Eleazar Padr\u00f3n, Mar\u00eda Asensio-Ramos, F\u00e1tima Rodr\u00edguez, Mar Alonso, Claudia Rodr\u00edguez-P\u00e9rez, Nemesio M. P\u00e9rez, Carlo Arcilla, Alfredo Mahar Lagmay and Hirochika Sumino (2019). <strong>Observed changes of diffuse CO2 degassing at Taal volcano (Philippines) in response to nearby large magnitude earthquake events.<\/strong> International Conference on Gas Geochemistry 2019, Palermo &amp; Milazzo, Italy  <\/p>\n<p>Pedro A. Hern\u00e1ndez, Eleazar Padr\u00f3n, Gladys Meli\u00e1n, Jos\u00e9 Barrancos, F\u00e1tima Rodr\u00edguez, Nemesio M. P\u00e9rez and Hirochika Sumino (2019). <strong>Diffuse CO2 emission from Port Foster bay at Deception Island, Antarctica<\/strong>. International Conference on Gas Geochemistry 2019, Palermo &amp; Milazzo, Italy <\/p>\n<h3 class=\"fusion-responsive-typography-calculated\" data-fontsize=\"15\" data-lineheight=\"25.65px\"><strong>American Geophysical Union (EGU) Fall Meeting \u00b7 San Francisco \u00b7 USA \u00b7 9 \u2013 13 December 2019 <\/strong><\/h3>\n<p>Alberto Prieto , Luca D\u2019Auria , Giovanni Macedonio , Pedro A. Hern\u00e1ndez and William Hern\u00e1ndez (2019). <strong>Probabilistic evaluation of the impact of volcanic ash on aviation during small-magnitude eruptions at Canary Islands<\/strong>. AGU Fall Meeting, San Francisco, USA. <\/p>\n<p>Luca D\u2019Auria , Jose Barrancos and German D. Padilla (2019). <strong>Non-linear dynamics in long-period event swarms at Tenerife (Canary Islands, Spain)<\/strong>. AGU Fall Meeting, San Francisco, USA. <\/p>\n<p>Monika Przeor , Luca D\u2019Auria , Susi Pepe and Pietro Tizzani (2019). <strong>Modelling remote interaction between Mauna Loa and Kilauea volcanoes though elastic stresstransfer<\/strong>. AGU Fall Meeting, San Francisco, USA. <\/p>\n<p>Rub\u00e9n Garc\u00eda-Hern\u00e1ndez and Luca D\u2019Auria (2019). <strong>4D multiscale imaging of the b-value and seismic energy release before and during the 2011-2012 Tagoro eruption (El Hierro, Canary Islands)<\/strong>. AGU Fall Meeting, San Francisco, USA. <\/p>\n<p>David Mart\u00ednez van Dorth , Iv\u00e1n Cabrera-P\u00e9rez , Luca D\u2019Auria , Garazi Bidaurrazaga-Aguirre , Germ\u00e1n Cervig\u00f3n-Tomico , Victor Ortega , Jose Barrancos , German Padilla , Federico Di Paolo , William Hern\u00e1ndez , Ana Carolina Monta\u00f1ez-Hern\u00e1ndez , Airam Morales Gonz\u00e1lez , Alberto Prieto , Monika Przeor , Yousef Rajaeitabrizi , Luc\u00eda S\u00e1ez-Gabarr\u00f3n , Robabeh Salehiozoumchelouei and Nemesio M. P\u00e9rez (2019). <strong>High-resolution seismic amplication map of San Crist\u00f3bal de La Laguna (Tenerife, Canary Islands) through micro tremor HVSR method<\/strong>. AGU Fall Meeting, San Francisco, USA. <\/p>\n<p>Iv\u00e1n Cabrera-P\u00e9rez , Jean Soubestre , Luca D\u2019Auria , Edoardo Del Pezzo , Jose Barrancos , German Padilla , Monika Przeor , Garazi Bidaurrazaga-Aguirre and Nemesio M. P\u00e9rez (2019). <strong>Velocity and attenuation models of Tenerife (Canary Islands, Spain) through Ambient Noise Tomography<\/strong>. AGU Fall Meeting, San Francisco, USA. <\/p>\n<p>Victor Ortega, Luca D\u2019Auria and Iv\u00e1n Cabrera-P\u00e9rez (2019). <strong>3D imaging of Moho Topography in Tenerife (Canary Island) using non-conventional receiver function analysis<\/strong>. AGU Fall Meeting, San Francisco, USA. <\/p>\n<p>Jean Soubestre, Corentin Caudron, Bernard A. Chouet, Luca D\u2019Auria, L\u00e9onard Seydoux (2019). <strong>Very-long-period seismicity of Mayotte\u2019s 2018-2019 seismo-volcanic crisis<\/strong>. AGU Fall Meeting, San Francisco, USA. <\/p>\n<p>L\u00e9onard Seydoux, Jean Soubestre, Nikolai M. Shapiro, Dmitry Droznin, Svetlana Droznina, Sergey Senyukov, Evgenii Gordeev (2019). <strong>Tracking seismovolcanic tremor sources in depth at Kamchatka with a principal component analysis of array seismic data<\/strong>. AGU Fall Meeting, San Francisco, USA. <\/p>\n<p>Phillip B Dawson, Jean Soubestre, Bernard A Chouet (2019). <strong>Assessing the Detection of Seismicity at Mammoth Mountain, California, Using a Network-Based Covariance Matrix Analysis<\/strong>. AGU Fall Meeting, San Francisco, USA. <\/p>\n<h3>2018<\/h3>\n<h2 class=\"fusion-responsive-typography-calculated\" data-fontsize=\"15\" data-lineheight=\"45px\">Renewable Energy Area<\/h2>\n<h3 class=\"fusion-responsive-typography-calculated\" data-fontsize=\"15\" data-lineheight=\"25.65px\">35th European Photovoltaic Solar Energy Conference and Exhibition (EU PVSEC) \u00b7 Brussels \u00b7 Belgium \u00b7 24\u201328 September 2018<\/h3>\n<p data-fontsize=\"15\" data-lineheight=\"25\">O. Gonz\u00e1lez, A.B. Cueli, R. Castelo1 P. Hern\u00e1ndez, A. \u00c1lvarez, A. Linares, E. Llarena, C. Montes, D. Molina, A. P\u00edo, L. Oca\u00f1a, C. Quinto, M. Friend &amp; M. Cendagorta. <strong>Research on new materials for building integrated photovoltaic applications: AiSoVol project<\/strong>. EU PVSEC Proceedings. Paper DOI: 10.4229\/35thEUPVSEC20182018-1CO.2.4  <\/p>\n<p data-fontsize=\"15\" data-lineheight=\"25\">Montes, L. Oca\u00f1a, L. De Sousa-Vieira, J.S. Moreno-Ram\u00edrez, S. Gonz\u00e1lez-P\u00e9rez, B. Gonz\u00e1lez-D\u00edaz, M. Friend &amp; M. Cendagorta. <strong>Exploring the use of collodion as a binder in screen printing vehicles for perovskite solar cells metallization<\/strong>. EU PVSEC Proceedings. DOI: 10.4229\/35thEUPVSEC20182018-3BV.3.34  <\/p>\n<p data-fontsize=\"15\" data-lineheight=\"25\">Montes, L. Oca\u00f1a, L. De Sousa-Vieira, J.S. Moreno-Ram\u00edrez, S. Gonz\u00e1lez-P\u00e9rez, B. Gonz\u00e1lez-D\u00edaz, C. Hern\u00e1ndez-Rodr\u00edguez, M. Friend &amp; M. Cendagorta. <strong>Producing uniform and smooth thin layers of perovskite under ambient conditions by adjusting to the existing levels of moisture.<\/strong> EU PVSEC Proceedings. Paper DOI: 10.4229\/35thEUPVSEC20182018-3BV.3.36 <\/p>\n<h2 class=\"fusion-responsive-typography-calculated\" data-fontsize=\"15\" data-lineheight=\"45px\">Genomics Area<\/h2>\n<h3 class=\"fusion-responsive-typography-calculated\" data-fontsize=\"15\" data-lineheight=\"25.65px\"><strong>IV International Conference IMFAHE<\/strong> <strong>\u00b7 Valladolid \u00b7 Spain<\/strong><\/h3>\n<p>D\u00edaz-de Usera. <strong>Genomic diversity and admixture in Canary Islanders. <\/strong>IV International Conference IMFAHE. Valladolid, Spain. Oral presentation URL: <a href=\"http:\/\/www.imfahe.org\/en\/content\/iv-international-conference-imfahe-valladolid-2018\">http:\/\/www.imfahe.org\/en\/content\/iv-international-conference-imfahe-valladolid-2018<\/a>   <\/p>\n<p>Mendoza-Alvarez. <strong>Genomic diversity and admixture in Canary Islanders as deduced from structural variants<\/strong>. IV International Conference IMFAHE. Valladolid, Spain. Oral presentation. URL: <a href=\"http:\/\/www.imfahe.org\/en\/content\/iv-international-conference-imfahe-valladolid-2018\">http:\/\/www.imfahe.org\/en\/content\/iv-international-conference-imfahe-valladolid-2018<\/a>    <\/p>\n<p>Gonz\u00e1lez-Navasa. <strong>Development of a hands-on genomics educational tool using mitochondrial DNA PCR-free enrichment and Next Generation Sequencing-based species identification. <\/strong>IV International Conference IMFAHE. Valladolid, Spain. Oral presentation. URL: <a href=\"http:\/\/www.imfahe.org\/en\/content\/iv-international-conference-imfahe-valladolid-2018\">http:\/\/www.imfahe.org\/en\/content\/iv-international-conference-imfahe-valladolid-2018<\/a>    <\/p>\n<h3 class=\"fusion-responsive-typography-calculated\" data-fontsize=\"15\" data-lineheight=\"25.65px\"><strong>Next Generation Sequencing Conference 2018 (NGS 2018) \u00b7 Barcelona \u00b7 Spain<\/strong><\/h3>\n<p>Tamara Hern\u00e1ndez-Beeftink, H\u00e9ctor Rodr\u00edguez-P\u00e9rez, Ana D\u00edaz-de-Usera, Rafaela Gonz\u00e1lez-Montelongo, Jos\u00e9 M. Lorenzo-Salazar, Fabi\u00e1n Lorenzo-D\u00edaz, Carlos Flores. <strong>Using MinION to assist de novo assembly of the Streptococcus agalactiae genome<\/strong>. Next Generation Sequencing Conference 2018 (NGS 2018). Barcelona, Spain. Poster presentation. URL:<a href=\"https:\/\/www.iscb.org\/ngs2018\"> https:\/\/www.iscb.org\/ngs2018<\/a>     <\/p>\n<h3 class=\"fusion-responsive-typography-calculated\" data-fontsize=\"15\" data-lineheight=\"25.65px\"><strong>Conference Applied Bioinformatics in Life Sciences (2nd edition) \u00b7 Leuven \u00b7 Belgium<\/strong><\/h3>\n<p>H\u00e9ctor Rodr\u00edguez-P\u00e9rez, Tamara Hern\u00e1ndez Beeftink, Jos\u00e9 M. Lorenzo-Salazar, Jos\u00e9 L. Roda-Garc\u00eda, Carlos J. P\u00e9rez-Gonz\u00e1lez, Marcos Colebrook, Carlos Flores. <strong>NanoDJ: A Dockerized Jupyter Notebook for Interactive Oxford Nanopore MinION Sequence Manipulation and Genome Assembly<\/strong>. Conference \u2018Applied Bioinformatics in Life Sciences (2nd edition)\u2019. Leuven, Belgium. Poster presentation.URL: <a href=\"https:\/\/vibconferences.be\/event\/applied-bioinformatics-in-life-sciences-2nd-edition\">https:\/\/vibconferences.be\/event\/applied-bioinformatics-in-life-sciences-2nd-edition<\/a>    <\/p>\n<h3 class=\"fusion-responsive-typography-calculated\" data-fontsize=\"15\" data-lineheight=\"25.65px\">Joint Respiratory Research Day-University of Leicester \u00b7 2 May 2018 \u00b7 United Kingdom<\/h3>\n<p>Allen R, Porte J, Braybrooke R, Flores C, Fingerlin TE, Oldham J, Guillen-Guio B, Ma SF, Okamoto T, John A, Obeidat M, UK ILD Consortium, Sayers I, Hall IP, Noth I, Schwartz DA, Tobin M, Wain L, Jenkins G. <strong>Novel association with idiopathic pulmonary fibrosis related to expression of AKAP13. <\/strong>Joint Respiratory Research Day-University of Leicester, 2 May 2018, Leicester, United Kingdom. Oral presentation.  <\/p>\n<h3 class=\"fusion-responsive-typography-calculated\" data-fontsize=\"15\" data-lineheight=\"25.65px\"><strong>European Academy of Allergy and Clinical Immunology Congress 2018 <\/strong>\u00b7<strong> 26-30 May 2018 <\/strong>\u00b7<strong> Munich <\/strong>\u00b7<strong> Germay<\/strong><\/h3>\n<p>Espuela-Ortiz A, Lorenzo-Diaz F, Hernandez-Pacheco N, Baez-Ortega A, Eng C, Burchard EG, Flores C, Pino-Yanes M. <strong>Microbiome differences in saliva are associated with childhood asthma among African Americans. <\/strong>European Academy of Allergy and Clinical Immunology Congress 2018, 26-30 May 2018, Munich, Germany. Poster presentation.  <\/p>\n<p>Hernandez-Pacheco N, Herrera-Luis E, Farzan N, Vijverberg S, Flores C, Maitland-Van Der Zee A, Burchard E, Pino-Yanes M. <strong>Validation of loci associated with asthma treatment response with inhaled corticosteroids in African-descent populations. <\/strong>European Academy of Allergy and Clinical Immunology Congress 2018, 26-30 May 2018, Munich, Germany. Poster presentation. <\/p>\n<h3 class=\"fusion-responsive-typography-calculated\" data-fontsize=\"15\" data-lineheight=\"25.65px\"><strong>European Human Genetics Conference 2018 <\/strong>\u00b7<strong> 16-19 June 2018 <\/strong>\u00b7<strong> Milan <\/strong>\u00b7 <strong>Italy<\/strong><\/h3>\n<p>Mendoza-Alvarez A, Guillen-Guio B, Hernandez-Perez C, Baez-Ortega A, Lorenzo-Salazar JM, Lakhwani-Lakhwani S, Maeso MDC, Morales M, Flores C.<br \/>\n<strong>Genes with mutational enrichment in metastatic clear cell kidney cancer associate with patient mortality. <\/strong>European Human Genetics Conference 2018, 16-19 jJune 2018, Milan. Poster presentation. URL: <a href=\"http:\/\/www.abstractsonline.com\/pp8\/#!\/4652\/presentation\/1168\">http:\/\/www.abstractsonline.com\/pp8\/#!\/4652\/presentation\/1168<\/a>  <\/p>\n<p>D\u00edaz-de Usera, J. Lorenzo-Salazar, A. Mendoza-Alvarez, R. Gonz\u00e1lez-Montelongo, C. Flores.<strong>Assessment of in-solution enrichment capture protocols for whole-exome sequencing in HiSeq 4000 System.<\/strong> European Human Genetics Conference 2018, 16-19 June 2018, Milan. Poster presentation.<br \/>\nURL: <a href=\"http:\/\/www.abstractsonline.com\/pp8\/#!\/4652\/presentation\/3295\">http:\/\/www.abstractsonline.com\/pp8\/#!\/4652\/presentation\/3295<\/a> <\/p>\n<p>Beatriz Guillen-Guio; David Domi\u0301nguez; Adrian Baez-Ortega; Fabia\u0301n Lorenzo-Di\u0301az; Ana Di\u0301az de Usera; Rafaela Gonz\u00e1lez Montelongo; Rau\u0301l Herna\u0301ndez-Bisshopp; Jorge Arias; Luis Soto; Javier Belda; Elena Espinosa; Julia Alcoba-Florez; Jesu\u0301s Villar; Carlos Flores. <strong>Lung metagenomics to predict patient mortality by non-pulmonary sepsis. <\/strong>European Human Genetics Conference 2018, 16-19 June 2018, Milan. Poster presentation.URL: <a href=\"http:\/\/www.abstractsonline.com\/pp8\/#!\/4652\/presentation\/1170\">http:\/\/www.abstractsonline.com\/pp8\/#!\/4652\/presentation\/1170<\/a>  <\/p>\n<p>Gonzalez Navasa, T. Hern\u00e1ndez-Beeftink, H. Rodr\u00edguez-P\u00e9rez, J. Lorenzo-Salazar, R. Gonz\u00e1lez-Montelongo, C. Flores. <strong>Development of a hands-on genomics educational tool using mitochondrial DNA PCR-free enrichment and MinION-based species apportionment<\/strong>. European Human Genetics Conference 2018, 16-19 June 2018, Milan. Poster presentation.URL: <a href=\"http:\/\/www.abstractsonline.com\/pp8\/#!\/4652\/presentation\/3986\">http:\/\/www.abstractsonline.com\/pp8\/#!\/4652\/presentation\/3986<\/a>  <\/p>\n<p>Guillen-Guio, J. M. Lorenzo-Salazar, A. Corrales, E. Espinosa, A. Muriel, L. Lorente, M. M. Mart\u00edn, C. Rodr\u00edguez-Gallego, J. Sol\u00e9-Viol\u00e1n, A. Ambr\u00f3s, D. Carriedo, J. Blanco, J. M. A\u00f1\u00f3n, J. Villar, C. Flores, the Genetics of Sepsis (GEN-SEP) Network. <strong>Genome-wide association study of sepsis-induced acute respiratory distress syndrome: discovery stage. <\/strong>European Human Genetics Conference 2018, 16-19 June 2018, Milan. Poster presentation. URL: <a href=\"http:\/\/www.abstractsonline.com\/pp8\/#!\/4652\/presentation\/1129\">http:\/\/www.abstractsonline.com\/pp8\/#!\/4652\/presentation\/1129<\/a>   <\/p>\n<h3 class=\"fusion-responsive-typography-calculated\" data-fontsize=\"15\" data-lineheight=\"25.65px\"><strong>XLVII Congreso AlergoSur18 <\/strong>\u00b7<strong> 3-5 May 2018 <\/strong>\u00b7<strong> M\u00e1laga<\/strong><\/h3>\n<p>Flores C. <strong>Genetic factors<\/strong>. Biomarkers in asthma, XLVII Congreso AlergoSur18, 3-5 May 2018, M\u00e1laga. Invited oral presentation.  <\/p>\n<h3 class=\"fusion-responsive-typography-calculated\" data-fontsize=\"15\" data-lineheight=\"25.65px\"><strong>International Genetic Epidemiology Society <\/strong>\u00b7<strong> 14-16 October 2018 <\/strong>\u00b7<strong> San Diego <\/strong>\u00b7<strong> USA<\/strong><\/h3>\n<p>Allen R, Oldham J, Fingerlin T, Braybrooke R, Ma SF, UK ILD Consortium, Sayers I, Hall I, Flores C, Noth I, Schwartz D, Tobin M, Jenkins G, Wain L. <strong>Polygenicity of idiopathic pulmonary fibrosis. <\/strong>International Genetic Epidemiology Society, 14-16 October 2018, San Diego, USA. Poster presentation.  <\/p>\n<p>Allen R, Guillen-Guio B, Oldham J, Ma SF, Fingerlin T, Ng M, Braybrooke R, UK ILD Consortium, Sayers I, Furniss D, Zondervan K, Morris A, Hall I, Tobin M, Flores C, Schwartz D, Noth I, Jenkins G, Wain L. <strong>Genome-wide meta-analysis of susceptibility to idiopathic pulmonary fibrosis. <\/strong>American Society of Human Genetics, 16-20 October, 2018, San Diego, USA.<br \/>\nPoster presentation.<\/p>\n<h3 class=\"fusion-responsive-typography-calculated\" data-fontsize=\"15\" data-lineheight=\"25.65px\">XIV Symposium on Bioinformatics \u00b7 14-16 November 2018 \u00b7 Granada \u00b7Spain<\/h3>\n<p>Hern\u00e1ndez-Beeftink T, Rodr\u00edguez-P\u00e9rez H, Gonzalez-Navasa C, Roda-Garc\u00eda JL, P\u00e9rez-Gonz\u00e1lez CJ, Lorenzo-Salazar JM, Gonz\u00e1lez-Montelongo R, Colebrook M, Flores C. <strong>An interactive species classification instrument with educational purposes using NanoDJ and PCR-free mtDNA enrichment. <\/strong>XIV Symposium on Bioinformatics, 14-16 November 2018, Granada. Poster presentation.  <\/p>\n<p>Mu\u00f1oz-Barrera A, Rubio-Rodr\u00edguez LA, Lorenzo-Salazar JM, Flores C, Colebrook M, P\u00e9rez-Gonz\u00e1lez CJ, Roda-Garc\u00eda JL. <strong>WDL-based pipelines for whole genome and exome sequencing analysis. <\/strong>XIV Symposium on Bioinformatics, 14-16 November 2018, Granada. Poster presentation.  <\/p>\n<p>Rubio-Rodr\u00edguez LA, Mu\u00f1oz-Barrera A, Roda-Garc\u00eda JL, P\u00e9rez-Gonz\u00e1lez CJ, Colebrook M, Gonz\u00e1lez-Yanes P, Flores C, Lorenzo-Salazar JM.<br \/>\n<strong>Development of a dockerized Bioinformatic architecture based on Big Data technologies to process data from whole-genome sequencing. <\/strong>XIV Symposium on Bioinformatics, 14-16 November 2018, Granada. Poster presentation. <\/p>\n<h3>2017<\/h3>\n<h2 class=\"fusion-responsive-typography-calculated\" data-fontsize=\"15\" data-lineheight=\"45px\">Renewable Energy Area<\/h2>\n<p>Autores: C. Montes, L. Oca\u00f1a, C. Quinto, S. Gonz\u00e1lez-P\u00e9rez, B. Gonz\u00e1lez-D\u00edaz, M. Friend1 &amp; M. Cendagorta.<br \/>\nTitle: <a href=\"https:\/\/www.iter.es\/wp-content\/uploads\/2017\/10\/3DV.2.56.pdf\" target=\"_blank\" rel=\"noopener noreferrer\"><strong>Conductive inks with epoxy resin based vehicles for perovskite screen printing metallization as a viable and low-cost alternative to thermal evaporation.<\/strong><\/a><br \/>\nType of participation: Paper<br \/>\nConference: 33rd European Photovoltaic Solar Energy Conference and Exhibition (EU PVSEC 17)<br \/>\nLocation: Amsterdam, The Netherlands<br \/>\nLink at EUPVSEC: <a href=\"https:\/\/www.eupvsec-proceedings.com\/proceedings\/checkout.html?paper=41805\" target=\"_blank\" rel=\"noopener noreferrer\">https:\/\/www.eupvsec-proceedings.com\/proceedings\/checkout.html?paper=41805<\/a><\/p>\n<p>Authors: C. Montes, L. Oca\u00f1a, C. Quinto, S. Gonz\u00e1lez-P\u00e9rez, B. Gonz\u00e1lez-D\u00edaz, C. Hern\u00e1ndez-Rodr\u00edguez, M. Friend &amp; M. Cendagorta.<br \/>\nTitle: <a href=\"https:\/\/www.iter.es\/wp-content\/uploads\/2017\/10\/3DV.2.71.pdf\" target=\"_blank\" rel=\"noopener noreferrer\"><strong>A one-step deposition method assisted with non-polar washing solvent treatment for producing uniform thin layers of perovskite validated through ellipsometry<br \/>\n<\/strong><\/a>Type of Participation: Paper<br \/>\nConference: 33rd European Photovoltaic Solar Energy Conference and Exhibition (EU PVSEC 17)<br \/>\nLocation: Amsterdam, The Netherlands<br \/>\nLink at EUPVSEC: <a href=\"https:\/\/www.eupvsec-proceedings.com\/proceedings\/checkout.html?paper=42729\" target=\"_blank\" rel=\"noopener noreferrer\">https:\/\/www.eupvsec-proceedings.com\/proceedings\/checkout.html?paper=42729<\/a><\/p>\n<p>Authors: C. Montes, O. Gonz\u00e1lez, G. Moncho, M. Padr\u00f3n, J. Fern\u00e1ndez, B. Gonz\u00e1lez-D\u00edaz, C. Hern\u00e1ndez-Rodr\u00edguez, J. Sanchiz, R. Guerrero-Lemus, J. Rodr\u00edguez, M. Friend &amp; M. Cendagorta.<br \/>\nTitle: \u201c<a href=\"https:\/\/www.iter.es\/wp-content\/uploads\/2017\/10\/6BV.3.21.pdf\" target=\"_blank\" rel=\"noopener noreferrer\"><strong>A multifunctional low-cost scalable field monitoring system\u201d<br \/>\n<\/strong><\/a>Type of Participation: Paper<br \/>\nConference: 33rd European Photovoltaic Solar Energy Conference and Exhibition (EU PVSEC 17)<br \/>\nLocation: Amsterdam, The Netherlands<br \/>\nLink at EUPVSEC webpage: <a href=\"https:\/\/www.eupvsec-proceedings.com\/proceedings\/checkout.html?paper=42729\" target=\"_blank\" rel=\"noopener noreferrer\">https:\/\/www.eupvsec-proceedings.com\/proceedings\/checkout.html?paper=42729<\/a><\/p>\n<h2 class=\"fusion-responsive-typography-calculated\" data-fontsize=\"15\" data-lineheight=\"45px\">Genomics Area<\/h2>\n<h3 class=\"fusion-responsive-typography-calculated\" data-fontsize=\"15\" data-lineheight=\"25.65px\"><strong>European Human Genetics Conference 2017 <\/strong>\u00b7 Copenhagen \u00b7 Denmark<\/h3>\n<p>Beatriz Guille\u0301n-Gui\u0301o; Ana Di\u0301az-de Usera; Rafaela Gonza\u0301lez-Montelongo; Jose M. Lorenzo-Salazar; Almudena Corrales; Maria Pino-Yanes; Carlos Flores. <strong>Ancestry inference and African alleles in the MHC of Canary Islanders. <\/strong>Poster (E-P18.28). European Human Genetics Conference 2017. Copenhagen, Denmark. URL: <a href=\"http:\/\/www.abstractsonline.com\/Plan\/ViewAbstract.aspx?sKey=49b3ee97-60b3-43e0-a47b-7670d9defbaa&amp;cKey=8cdf6fb0-05a4-4a3a-bb5e-b3fedc64c4d8&amp;mKey=%7b15A3630E-7769-4D64-A80A-47F190AC2F4F%7d\">http:\/\/www.abstractsonline.com\/Plan\/ViewAbstract.aspx?sKey=49b3ee97-60b3-43e0-a47b-7670d9defbaa&amp;cKey=8cdf6fb0-05a4-4a3a-bb5e-b3fedc64c4d8&amp;mKey=%7b15A3630E-7769-4D64-A80A-47F190AC2F4F%7d#<\/a>    <\/p>\n<h3 class=\"fusion-responsive-typography-calculated\" data-fontsize=\"15\" data-lineheight=\"25.65px\"><strong>II Congress of Young Researchers of the Canary Islands &#8211; Tenerife &#8211; Spain<\/strong><\/h3>\n<p>Tamara Hern\u00e1ndez Beeftink; Ana D\u00edaz-de Usera; Beatriz Guill\u00e9n-Gu\u00edo; Rafaela Gonz\u00e1lez-Montelongo; Jos\u00e9 M. Lorenzo-Salazar; Fabi\u00e1n Lorenzo-D\u00edaz; Carlos Flores. <strong>Massive sequencing with the MinION device: application to the assembly of bacterial genomes.<\/strong> Oral presentation. 2nd Congress of Young Researchers of the Canary Islands Tenerife, Canary Islands, Spain. URL: <a href=\"https:\/\/congresojic.wordpress.com\/\">https:\/\/congresojic.wordpress.com\/<\/a>     <\/p>\n<h3 class=\"fusion-responsive-typography-calculated\" data-fontsize=\"15\" data-lineheight=\"25.65px\">American Thoracic Society 2017 Meeting \u00b7 19-24 May 2017 \u00b7 Washington D.C \u00b7 USA<\/h3>\n<p>Oldham JM, Allen R, Lorenzo-Salazar J, Ma SF, Huang Y, Zhang Y, Kaminski N, Seldin M, Tobin MD, Flores C, Wain LV, Jenkings RG, Noth I. <strong>Genome-wide association study of survival in patients with idiopathic pulmonary fibrosis.<\/strong><br \/>\nAmerican Thoracic Society 2017 Meeting, 19-24 May 2017, Washington D.C. Am J Respir Crit Care Med 2017, 195: A7649. Oral presentation.  <\/p>\n<p>Hou PC, Ma SF, Huang RT, Wu D, Krause M, Flores C, Fang Y, Noth I. <strong>Distinct functions of Toll-Interacting protein (TOLLIP) isoforms in inflammatory regulation. <\/strong>American Thoracic Society 2017 Meeting, 19-24 May 2017, Washington D.C. Am J Respir Crit Care Med 2017, 195: A3269. Poster presentation. <\/p>\n<p>Hou PC, Ma SF, Huang RT, Wu D, Krause M, Flores C, Fang Y, Noth I. <strong>Apoptosis signaling and interaction of Toll-interacting protein (TOLLIP) isoforms with antioxidant N-acetylcysteine (NAC). <\/strong>American Thoracic Society 2017 Meeting, 19-24 May 2017, Washington D.C.<br \/>\nAm J Respir Crit Care Med 2017, 195: A3270. Poster presentation. <\/p>\n<p>J.M. Lorenzo-Salazar, S.-F. Ma, J.M. Oldham, I. Noth, C. Flores <strong>. PrepABEL: A Bioinformatic Tool for Preprocessing Imputed Genotype Dosage Data for Survival Analysis. <\/strong> Poster. American Thoracic Society 2017. Location: Washington D.C, USA. URL: <a href=\"https:\/\/www.atsjournals.org\/doi\/abs\/10.1164\/ajrccm-conference.2017.195.1_MeetingAbstracts.A6796\">https:\/\/www.atsjournals.org\/doi\/abs\/10.1164\/ajrccm-conference.2017.195.1_MeetingAbstracts.A6796<\/a>   <\/p>\n<p>Justin M. Oldham, Richard Allen, Jose Miguel Lorenzo-Salazar, Shwu Fan Ma, Yong Huang, Yingze Zhang, Naftali Kaminski, Michael Seldin, Martin D. Tobin, Carlos Flores, Louise V. Wain, Richard G. Jenkins, Imre Noth. <strong>Genome-Wide Association Study of Survival in Patients with Idiopathic Pulmonary Fibrosis. <\/strong>Oral presentation. American Thoracic Society 2017. Washington D.C, USA. URL: <a href=\"https:\/\/www.atsjournals.org\/doi\/abs\/10.1164\/ajrccm-conference.2017.195.1_MeetingAbstracts.A7649\">https:\/\/www.atsjournals.org\/doi\/abs\/10.1164\/ajrccm-conference.2017.195.1_MeetingAbstracts.A7649<\/a>    <\/p>\n<p>Beatriz Guillen-Guio, Amalia Barreto-Luis, Almudena Corrales, Mar\u00eda Pino-Yanes, Carlos Flores. <strong>Local Ancestry Inference in Canary Islanders and Its Use in Admixture Mapping of Asthma. <\/strong>Poster. American Thoracic Society 2017 Washington D.C, USA. URL: <a href=\"https:\/\/www.atsjournals.org\/doi\/abs\/10.1164\/ajrccm-conference.2017.195.1_MeetingAbstracts.A3224\">https:\/\/www.atsjournals.org\/doi\/abs\/10.1164\/ajrccm-conference.2017.195.1_MeetingAbstracts.A3224<\/a>  <\/p>\n<h3 class=\"fusion-responsive-typography-calculated\" data-fontsize=\"15\" data-lineheight=\"25.65px\"><strong>XI CIBERES Scientific Conference &#8211; 29-30 June 2017 &#8211; Madrid &#8211; Spain<\/strong><\/h3>\n<p>Flores C. <strong>Genomics and the challenge of Big Data<\/strong>. XI CIBERES Scientific Conference, 29 and 30 June 2017. Madrid. Invited oral presentation.   <\/p>\n<h3 class=\"fusion-responsive-typography-calculated\" data-fontsize=\"15\" data-lineheight=\"25.65px\"><strong>The Genomics of Common Diseases \u00b7 6-9 September 2017 \u00b7 Cambridge \u00b7 United Kingdom<\/strong><\/h3>\n<p>Allen R, Porte J, Braybrooke R, Flores C, Fingerlin T, Oldham J, Guillen-Guio B, Ma SF, Okamoto T, John A, Obeidat M, UK ILD Consortium, Sayers I, Hall I, Noth I, Schwartz D, Tobin M, Wain L, Jenkins G. <strong>Novel association with idiopathic pulmonary fibrosis related to expression of AKAP13. <\/strong>The Genomics of Common Diseases, 6-9 September 2017, Cambridge (United Kingdom). Poster presentation.  <\/p>\n<h3 class=\"fusion-responsive-typography-calculated\" data-fontsize=\"15\" data-lineheight=\"25.65px\"><strong>Annual Meeting of the International Genetic Epidemiology Society \u00b7 9-11 September 2017 \u00b7 Cambridge \u00b7 United Kingdom<\/strong><\/h3>\n<p>Allen RJ, Oldham J, Lorenzo-Salazar JM, Ma SF, Braybrooke R, UK ILD Consortium, Sayers I, Hall IP, Tobin MD, Noth I, Jenkins RG, Flores C, Wain LV. <strong>Preliminary results from Genome-wide meta-analysis of survival time in Idiopathic Pulmonary Fibrosis. <\/strong>The 2017 Annual Meeting of the International Genetic Epidemiology Society, 9-11 September 2017, Cambridge (United Kingdom). Genetic Epidemiology 2017, 41: 666-67. Poster presentation.   <\/p>\n<h3 class=\"fusion-responsive-typography-calculated\" data-fontsize=\"15\" data-lineheight=\"25.65px\"><strong>14th International Symposium on Variants in the Genome: detection, genome sequencing and interpretation (Variant Detection 2017) \u00b7 Santiago de Compostela \u00b7 Spain<\/strong><\/h3>\n<p>Jos\u00e9 M. Lorenzo-Salazar, Shwu-Fan Ma, Justin M. Olham, Imre Noth, Carlos Flores. <strong>Association with Idiopathic Pulmonary Fibrosis is attributable to common rather than rare variants in 11p5, 14q21, and 17q21. <\/strong>P\u00f3ster (P011-M). 14th International Symposium on Variants in the Genome: detection, genome sequencing and interpretation (Variant Detection 2017). Santiago de Compostela, Galicia, Spain. URL: <a href=\"https:\/\/s3-ap-southeast-2.amazonaws.com\/ap-southeast-2.accounts.ivvy.com\/account613\/events\/95017\/files\/5923ae49049c2.pdf\">https:\/\/s3-ap-southeast-2.amazonaws.com\/ap-southeast-2.accounts.ivvy.com\/account613\/events\/95017\/files\/5923ae49049c2.pdf<\/a>    <\/p>\n<h3 class=\"fusion-responsive-typography-calculated\" data-fontsize=\"15\" data-lineheight=\"25.65px\"><strong>CEGEN-PRB<sup>2<\/sup> Conference: New opportunities in DNA genotyping. CEGEN International Conference on Genotyping.<\/strong><\/h3>\n<p>Carlos Flores. <strong>The southwestern edge of European genetic diversity: Opportunities for genetic mapping of disease in Canary Islanders. <\/strong>Oral presentation. CEGEN-PRB<sup>2<\/sup> Conference: New opportunities in DNA genotyping. CEGEN International Conference on Genotyping. Santiago de Compostela, Galicia, Spain. URL: <a href=\"http:\/\/www.usc.es\/cegen\/wp-content\/uploads\/2017\/05\/New-opportunities-in-DNA-genotyping-CEGEN-8-June-Santiago-de-Compostela-.pdf\">http:\/\/www.usc.es\/cegen\/wp-content\/uploads\/2017\/05\/New-opportunities-in-DNA-genotyping-CEGEN-8-June-Santiago-de-Compostela-.pdf<\/a> Related sources: <a href=\"https:\/\/www.iter.es\/las-peculiaridades-de-la-ascendencia-genetica-de-los-canarios-como-oportunidad-para-el-estudio-de-enfermedades-en-la-poblacion\/\">https:\/\/www.iter.es\/las-peculiaridades-de-la-ascendencia-genetica-de-los-canarios-como-oportunidad-para-el-estudio-de-enfermedades-en-la-poblacion\/<\/a>    <\/p>\n<h3 class=\"fusion-responsive-typography-calculated\" data-fontsize=\"15\" data-lineheight=\"25.65px\"><strong>TuSC Cultural Association \u00b7 October 26, 2017 \u00b7 Tenerife \u00b7 Spain<\/strong><\/h3>\n<p>Flores C. <strong>Genomics and the identification of genetic determinants in disease<\/strong>. TuSC Cultural Association, October 26, 2017, Royal Economic Society of Friends of the Country of Tenerife (La Laguna). Invited oral presentation.  <\/p>\n<h3>2016<\/h3>\n<h2 class=\"fusion-responsive-typography-calculated\" data-fontsize=\"15\" data-lineheight=\"45px\">Renewable Energy Area<\/h2>\n<p>Authors: A.B. Cueli, J. Bengoechea, A. Murillo, M.J. Rodr\u00edguez, A.R. Lagunas, C. Montes2, A. Linares, E. Llarena, O. Gonz\u00e1lez, D. Molina, A. P\u00edo, L. Oca\u00f1a, C. Quinto, M. Friend &amp; M. Cendagorta<br \/>\nTitle: <a href=\"https:\/\/www.iter.es\/wp-content\/uploads\/2016\/07\/1BV.5.47_Poster.pdf\" target=\"_blank\" rel=\"noopener noreferrer\"><strong>AiSoVoL Project: A Photovoltaic Generation Solution as an Alternative Construction Material<\/strong><\/a><br \/>\nType of presentation: Poster<br \/>\nConference: 32nd European Photovoltaic Solar Energy Conference and Exhibition (EU PVSEC 16)<br \/>\nLocation: Munich, Germany.<\/p>\n<p>Authors: A.B. Cueli, J. Bengoechea, A. Murillo, M.J. Rodr\u00edguez, A.R. Lagunas, C. Montes2, A. Linares, E. Llarena, O. Gonz\u00e1lez, D. Molina, A. P\u00edo, L. Oca\u00f1a, C. Quinto, M. Friend &amp; M. Cendagorta<br \/>\nTitle: <a href=\"https:\/\/www.iter.es\/wp-content\/uploads\/2016\/07\/1BV.5.47.pdf\" target=\"_blank\" rel=\"noopener noreferrer\"><strong>AiSoVoL Project: A Photovoltaic Generation Solution as an Alternative Construction Material<\/strong><\/a><br \/>\nType of presentation: Paper<br \/>\nConference: 32nd European Photovoltaic Solar Energy Conference and Exhibition (EU PVSEC 16)<br \/>\nLocation: Munich, Germany<\/p>\n<p>Authors: C. Montes1, A. Linares2, E. Llarena1, O. Gonz\u00e1lez1, D. Molina1, A. P\u00edo1, L. Oca\u00f1a1, C. Quinto1, M. Friend1 &amp; M. Cendagorta1.<br \/>\nTitle: <a href=\"https:\/\/www.iter.es\/wp-content\/uploads\/2016\/07\/3DV.2.20_Poster.pdf\" target=\"_blank\" rel=\"noopener noreferrer\"><strong>Conductive Inks With Eproxy Resin Based Vehicles For Perovskite Screen Printing Metallization<\/strong><\/a><br \/>\nType of presentation: Poster<br \/>\nConference: 32nd European Photovoltaic Solar Energy Conference and Exhibition (EU PVSEC 16)<br \/>\nLocation: Munich, Germnay<\/p>\n<p>Authors: C. Montes1, A. Linares2, E. Llarena1, O. Gonz\u00e1lez1, D. Molina1, A. P\u00edo1, L. Oca\u00f1a1, C. Quinto1, M. Friend1 &amp; M. Cendagorta1.<br \/>\nTitle: <a href=\"https:\/\/www.iter.es\/wp-content\/uploads\/2016\/07\/3DV.2.20.pdf\" target=\"_blank\" rel=\"noopener noreferrer\"><strong>Conductive Inks With Eproxy Resin Based Vehicles For Perovskite Screen Printing Metallization<\/strong><\/a><br \/>\nType of presentation: Paper<br \/>\nConference: 32nd European Photovoltaic Solar Energy Conference and Exhibition (EU PVSEC 16)<br \/>\nLocation: Munich, Germany<\/p>\n<p>Authors: L. Oca\u00f1a, C. Quinto, C. Montes, A. Linares, E. Llarena, O. Gonz\u00e1lez, D. Molina, A. P\u00edo,<br \/>\nC. Hern\u00e1ndez-Rodr\u00edguez, S. Gonz\u00e1lez-P\u00e9rez &amp; R. Guerrero-Lemus, M. Friend &amp; M. Cendagorta.<br \/>\nTitle: <a href=\"https:\/\/www.iter.es\/wp-content\/uploads\/2016\/07\/3DV.2.26_Poster.pdf\" target=\"_blank\" rel=\"noopener noreferrer\"><strong>Optimizing the deposition of thin layers of organic-inorganic hybrid perovskite methylammonium lead Iodide (CH3NH3PbI3) on large surfaces through their optical properties<\/strong><\/a><br \/>\nType of presentation: Poster<br \/>\nConference: 32nd European Photovoltaic Solar Energy Conference and Exhibition (EU PVSEC 16)<br \/>\nLocation: Munich, Germany<\/p>\n<p>Authors: L. Oca\u00f1a, C. Quinto, C. Montes, A. Linares, E. Llarena, O. Gonz\u00e1lez, D. Molina, A. P\u00edo,<br \/>\nC. Hern\u00e1ndez-Rodr\u00edguez, S. Gonz\u00e1lez-P\u00e9rez &amp; R. Guerrero-Lemus, M. Friend &amp; M. Cendagorta.<br \/>\nTitle: <a href=\"https:\/\/www.iter.es\/wp-content\/uploads\/2016\/07\/3DV.2.26.pdf\" target=\"_blank\" rel=\"noopener noreferrer\"><strong>Optimizing the deposition of thin layers of organic-inorganic hybrid perovskite methylammonium lead Iodide (CH3NH3PbI3) on large surfaces through their optical properties<\/strong><\/a><br \/>\nType of presentation: Paper<br \/>\nConference: 32nd European Photovoltaic Solar Energy Conference and Exhibition (EU PVSEC 16)<br \/>\nLocation: Munich, Germany<\/p>\n<h2 class=\"fusion-responsive-typography-calculated\" data-fontsize=\"15\" data-lineheight=\"45px\">Technology Area<\/h2>\n<p>Authors: C. Gonz\u00e1lez-Vila, A. Cabrera, G. Gonz\u00e1lez-Felipe<br \/>\nTitle: <strong>Towards a flexible infrastructure for big data<\/strong><br \/>\nType of presentation: Poster<br \/>\nConference: Big Data from Space (BiDS\u201916)<br \/>\nLocation: Santa Cruz de Tenerife, Spain<\/p>\n<h2 class=\"fusion-responsive-typography-calculated\" data-fontsize=\"15\" data-lineheight=\"45px\">Environment Area<\/h2>\n<p>Authors: Padr\u00f3n E., Berry H., Robinson H., Rodr\u00edguez F., Dionis S. and P\u00e9rez N.M.<br \/>\nTitle: <strong>Monitoring Cumbre Vieja volcano (La Palma, Canary Islands) from 2001 to 2015 by means of diffuse CO2 degassing.<\/strong><br \/>\nType of presentation: Abstract<br \/>\nConference: European Geosciences Union Assembly 2016 (EGU 2016)<br \/>\nLocation: Vienna, Austria<\/p>\n<p>Authors: Asensio-Ramos M., Alonso M., Sharp E., Woods H., Barrancos J. and P\u00e9rez N.M.<br \/>\nTitle: <a href=\"https:\/\/www.iter.es\/wp-content\/uploads\/2017\/02\/El-Hierro_EGU2016-8406.pdf\" target=\"_blank\" rel=\"noopener noreferrer\"><strong>Eighteen years of geochemical monitoring at the oceanic active volcanic island of El Hierro \/Canary Islands, Spain).<\/strong><\/a><br \/>\nType of presentation: Abstract<br \/>\nConference: European Geosciences Union Assembly 2016 (EGU 2016)<br \/>\nLocation: Vienna, Austria<\/p>\n<p>Authors: P\u00e9rez N.M., Meli\u00e1n G., Gonz\u00e1lez-Santana J., Barrancos J., Padilla G., Rodr\u00edguez F., Padr\u00f3n E. and Hern\u00e1ndez P.A.<br \/>\nTitle: <a href=\"https:\/\/www.iter.es\/wp-content\/uploads\/2017\/02\/H2-El-Hierro_EGU2016-16744.pdf\" target=\"_blank\" rel=\"noopener noreferrer\"><strong>Diffuse H2 emission: a useful geochemical tool to monitor the volcanic activity at El Hierro volcano system.<\/strong><\/a><br \/>\nType of presentation: Abstract<br \/>\nConference: European Geosciences Union Assembly 2016 (EGU 2016)<br \/>\nLocation: Vienna, Austria<\/p>\n<p>Authors: Notsu K., P\u00e9rez N.M., Fujii N., Hern\u00e1ndez P.A., Mori T., Padr\u00f3n E. and Meli\u00e1n G.<br \/>\nTitle: <a href=\"https:\/\/www.iter.es\/wp-content\/uploads\/2017\/02\/Higashi-Izu_EGU2016-14022.pdf\" target=\"_blank\" rel=\"noopener noreferrer\"><strong>Diffuse degassing survey at the Higashi Izu monogenetic volcano field, Japan.<\/strong><\/a><br \/>\nType of presentation: Abstract<br \/>\nConference: European Geosciences Union Assembly 2016 (EGU 2016)<br \/>\nLocation: Vienna, Austria<\/p>\n<p>Authors: P\u00e9rez N.M. and Schmincke H-U.<br \/>\nTitle: <a href=\"https:\/\/www.iter.es\/wp-content\/uploads\/2017\/02\/IGN_EGU2016-10379.pdf\" target=\"_blank\" rel=\"noopener noreferrer\"><strong>Science development on volcanology flawed by the Spanish IGN.<\/strong><\/a><br \/>\nType of presentation: Abstract<br \/>\nConference: European Geosciences Union Assembly 2016 (EGU 2016)<br \/>\nLocation: Vienna, Austria<\/p>\n<p>Authors: Hern\u00e1ndez P.A., Mori T., Notsu K., Morita M., Padr\u00f3n E., Onizawa S., Meli\u00e1n G., Sumino H., Asensio-Ramos M., Nogami K. and P\u00e9rez N.M.<br \/>\nTitle: <strong><a href=\"https:\/\/www.iter.es\/wp-content\/uploads\/2017\/02\/Izu-Oshima_EGU2016-13857.pdf\" target=\"_blank\" rel=\"noopener noreferrer\">Izu-Oshima volcano, Japan: nine years of geochemical monitoring by means of CO2 soil diffuse degassing<\/a>.<\/strong><br \/>\nType of presentation: Abstract<br \/>\nConference: European Geosciences Union Assembly 2016 (EGU 2016)<br \/>\nLocation: Vienna, Austria<\/p>\n<p>Authors: Barrancos J., Cook J., Phillips V., Asensio-Ramos M., Meli\u00e1n G., Hern\u00e1ndez P.A. and P\u00e9rez N.M.<br \/>\nT\u00edtulo: <a href=\"https:\/\/www.iter.es\/wp-content\/uploads\/2017\/02\/Landfill-ARICO_EGU2016-8642.pdf\" target=\"_blank\" rel=\"noopener noreferrer\"><strong>Are closed landfills free of CH4 emissions? A case study of Arico\u00b4s landfill, Tenerife, Canary Islands. <\/strong><\/a><br \/>\nType of presentation: Abstract<br \/>\nConference: European Geosciences Union Assembly 2016 (EGU 2016)<br \/>\nLocation: Vienna, Austria<\/p>\n<p>Authors: Padilla G., Alonso M., Shoemaker T., Loisel A., Padr\u00f3n E., Hern\u00e1ndez P.A. and P\u00e9rez N.M.<br \/>\nTitle: <a href=\"https:\/\/www.iter.es\/wp-content\/uploads\/2017\/02\/NE-Tenerife_EGU2016-8345.pdf\" target=\"_blank\" rel=\"noopener noreferrer\"><strong>Diffuse CO2 emission from the NE volcanic rift-zone of Tenerife (Canary Islands, Spain): a 15 years geochemical monitoring.<\/strong><\/a><br \/>\nType of presentation: Abstract<br \/>\nConference: European Geosciences Union Assembly 2016 (EGU 2016)<br \/>\nLocation: Vienna, Austria<\/p>\n<p>Authors: Alonso M., Ingman D., Alexander S., Barrancos J., Rodr\u00edguez F., Meli\u00e1n G. and P\u00e9rez N.M.<br \/>\nTitle: <a href=\"https:\/\/www.iter.es\/wp-content\/uploads\/2017\/02\/N-S-Tenerife_EGU2016-8532.pdf\" target=\"_blank\" rel=\"noopener noreferrer\"><strong>Spatial and temporal variations of diffuse CO2 degassing at the N-S volcanic rift-zone of Tenerife (Canary Islands, Spain) during 2002-2015 period.<\/strong><\/a><br \/>\nType of presentation: Abstract<br \/>\nConference: European Geosciences Union Assembly 2016 (EGU 2016)<br \/>\nLocation: Vienna, Austria<\/p>\n<p>Authors: Rodr\u00edguez F., Halliwell S., Butters D., Padilla G., Padr\u00f3n E., Hern\u00e1ndez P.A. and P\u00e9rez N.M.<br \/>\nTitle: <strong><a href=\"https:\/\/www.iter.es\/wp-content\/uploads\/2017\/02\/NW-Tenerife_EGU2016-8451.pdf\" target=\"_blank\" rel=\"noopener noreferrer\">Monitoring the NW volcanic rift-zone of Tenerife, Canary Islands, Spain: sixteen years of diffuse CO2 degassing surveys<\/a>.<\/strong><br \/>\nType of presentation: Abstract<br \/>\nConference: European Geosciences Union Assembly 2016 (EGU 2016)<br \/>\nLocation: Vienna, Austria<\/p>\n<p>Authors: Calvo D., Villalba E., Rodr\u00edguez F., \u00c1lvarez D. and P\u00e9rez N.M.<br \/>\nTitle: <a href=\"https:\/\/www.iter.es\/wp-content\/uploads\/2017\/02\/Planeta-Vivo-Radio_EGU2016-13498.pdf\" target=\"_blank\" rel=\"noopener noreferrer\"><strong>Planeta Vivo Radio: a 365 chapter story between science and radio.<\/strong><\/a><br \/>\nType of presentation: Abstract<br \/>\nConference: European Geosciences Union Assembly 2016 (EGU 2016)<br \/>\nLocation: Vienna, Austria<\/p>\n<p>Authors: P\u00e9rez N.M., Meli\u00e1n G., Asensio-Ramos M., Padr\u00f3n E., Hern\u00e1ndez P.A., Barrancos J., Padilla G., Rodr\u00edguez F., Calvo D. and Alonso M.<br \/>\nTitle: <a href=\"https:\/\/www.iter.es\/wp-content\/uploads\/2017\/02\/Teide-Helio_-ORAL_EGU2016-10396.pdf\" target=\"_blank\" rel=\"noopener noreferrer\"><strong>Monitoring quiescent volcanoes by diffuse He degassing: case study Teide volcano.<\/strong><\/a><br \/>\nType of presentation: Abstract<br \/>\nConference: European Geosciences Union Assembly 2016 (EGU 2016)<br \/>\nLocation: Vienna, Austria<\/p>\n<p>Authors: Meli\u00e1n G., Asensio-Ramos M., Padilla G., Alonso M., Halliwell S., Sharp E., Butters D., Ingman D., Alexander S., Cook J. and P\u00e9rez N.M.<br \/>\nTitle: <strong><a href=\"https:\/\/www.iter.es\/wp-content\/uploads\/2017\/02\/Teide_EGU2016-8591.pdf\" target=\"_blank\" rel=\"noopener noreferrer\">Diffuse volcanic degassing and thermal energy release 2015 surveys from the summit cone of Teide volcano, Tenerife (Canary Islands, Spain)<\/a>.<\/strong><br \/>\nType of presentation: Abstract<br \/>\nConference: European Geosciences Union Assembly 2016 (EGU 2016)<br \/>\nLocation: Vienna, Austria<\/p>\n<p>Authors: Calvo D., \u00c1lvarez D., Marrero N. and P\u00e9rez N.M.<br \/>\nTitle: <a href=\"https:\/\/www.iter.es\/wp-content\/uploads\/2017\/02\/Teleplaneta_EGU2016-13391.pdf\" target=\"_blank\" rel=\"noopener noreferrer\"><strong>Teleplaneta: a 7 year-long effort to spread natural hazard\u00b4s knowledge.<\/strong><\/a><br \/>\nType of presentation: Abstract<br \/>\nConference: European Geosciences Union Assembly 2016 (EGU 2016)<br \/>\nLocation: Vienna, Austria<\/p>\n<p>Authors: Rodr\u00edguez F., Calvo D., P\u00e9rez N.M., Padr\u00f3n E., Meli\u00e1n G., Padilla G., Barrancos J., Hern\u00e1ndez P.A., Asensio-Ramos M. and Alonso M.<br \/>\nTitle: <a href=\"https:\/\/www.iter.es\/wp-content\/uploads\/2017\/02\/Ventana_EGU2016-10289.pdf\" target=\"_blank\" rel=\"noopener noreferrer\"><strong>\u201cCanary Islands, a volcanic window in the Atlantic Ocean\u201d: a 7 year effort of public awareness on volcano hazards and risk management.<\/strong><\/a><br \/>\nType of presentation: Abstract<br \/>\nConference: European Geosciences Union Assembly 2016 (EGU 2016)<br \/>\nLocation: Vienna, Austria<\/p>\n<h3>2015<\/h3>\n<h2 class=\"fusion-responsive-typography-calculated\" data-fontsize=\"15\" data-lineheight=\"45px\">Environment Area<\/h2>\n<p>Authors: Asensio-Ramos M., Padr\u00f3n E., Dionis S., Sumino H., Fernandes P., Meli\u00e1n G. V., Barrancos J., Hern\u00e1ndez P. A., Rodr\u00edguez F., Silva S., P\u00e9rez N. M., Padilla G., Bandomo Z., Cabral J., Calvo D., Pereira J. M., and Semedo H.<br \/>\nTitle: <strong>Helium-3 and diffuse Helium-4 emissions prior the 2014-15 Fogo eruption, Cape Verde<\/strong>.<br \/>\nType of presentation: Abstract<br \/>\nConference: European Geosciences Union General Assembly 2015 (EGU 2015)<br \/>\nLocation: Vienna, Austria<\/p>\n<p>Authors: Dionis S., Padr\u00f3n E., Meli\u00e1n G. V., Asensio-Ramos M., Fernandes P., Barrancos J., Rodr\u00edguez F., Padilla G., Calvo D., Hern\u00e1ndez P. A., Silva S., Cabral J., Bandomo Z., Pereira J. M., Semedo H. and P\u00e9rez N. M.<br \/>\nTitle: <strong>Diffuse Hydrogen (H2) emissions from the summit crater of Pico do Fogo before the 2014-15 eruption, Cape Verde.<\/strong><br \/>\nType of presentation: Abstract<br \/>\nConference: European Geosciences Union General Assembly 2015 (EGU 2015)<br \/>\nLocation: Vienna, Austria<\/p>\n<p>Authors: Padilla G., Barrancos J., Dionis S., Fernandes P., P\u00e9rez N. M., Sagiya T., Padr\u00f3n E., Meli\u00e1n G. V., Hern\u00e1ndez P. A., Silva S., Pereira J. M., Rodr\u00edguez F., Asensio-Ramos M., Calvo D. and Semedo H.<br \/>\nTitle: <strong>Soil gas Rn monitoring at Ch\u00e3 das Caldeiras prior the 2014-15 Fogo eruption, Cape Verde.<\/strong><br \/>\nType of presentation: Abstract<br \/>\nConference: European Geosciences Union General Assembly 2015 (EGU 2015)<br \/>\nLocation: Vienna, Austria<\/p>\n<p>Authors: P\u00e9rez N. M., Dionis S., Fernandes P., Barrancos J., Rodr\u00edguez F., Bandomo Z., Hern\u00e1ndez P. A., Meli\u00e1n G. V., Silva S., Padilla G., Padr\u00f3n E., Cabral J., Calvo D., Asensio-Ramos M., Pereira J. M., Gon\u00e7alves A. A., Barros I., and Semedo H<br \/>\nTitle: <strong>Precursory signals of the 2014-15 Fogo eruption (Cape Verde) detected by surface CO2 emission and heat flow observations.<\/strong><br \/>\nType of presentation: Abstract<br \/>\nConference: European Geosciences Union General Assembly 2015 (EGU 2015)<br \/>\nLocation: Vienna, Austria<\/p>\n<p>Authors: Rodr\u00edguez F., Dionis S., Padr\u00f3n E., Fernandes P., Meli\u00e1n G. V., P\u00e9rez N. M., Hern\u00e1ndez P. A., Silva S., Pereira J. M., Cardoso N., Asensio-Ramos M., Barrancos J., Padilla G., Calvo D. and Semedo H.<br \/>\nTitle: <strong>Diffuse Carbon Dioxide (CO2) degassing from the summit crater of Pico do Fogo during the 2014-15 eruption, Cape Verde.<\/strong><br \/>\nType of presentation: Abstract<br \/>\nConference: European Geosciences Union General Assembly 2015 (EGU 2015)<br \/>\nLocation: Vienna, Austria<\/p>\n<p>Authors: Barrancos J., Dionis S., Quevedo R., Fernandes P., Rodr\u00edguez F., P\u00e9rez N. M., Silva S., Cardoso N., Hern\u00e1ndez P. A., Meli\u00e1n G. V., Padr\u00f3n E., Padilla G., Asensio-Ramos M., Calvo D., Semedo H. and Alfama V.<br \/>\nTitle: <strong>Sulphur dioxide (SO2) emissions during the 2014-15 Fogo eruption, Cape Verde.<\/strong><br \/>\nType of presentation: Abstract<br \/>\nConference: European Geosciences Union General Assembly 2015 (EGU 2015)<br \/>\nLocation: Vienna, Austria<\/p>\n<p>Authors: Padr\u00f3n E., Hern\u00e1ndez P. A., Meli\u00e1n G. V., Barrancos J., Padilla G., P\u00e9rez N. M., Dionis S., Rodr\u00edguez F., Asensio-Ramos M. and Calvo D.<br \/>\nTitle: <strong>Diffuse degassing He\/CO2 ratio before and during the 2011-12 El Hierro submarine eruption, Canary Islands.<\/strong><br \/>\nType of presentation: Abstract<br \/>\nConference: European Geosciences Union General Assembly 2015 (EGU 2015)<br \/>\nLocation: Vienna, Austria<\/p>\n<p>Authors: Padr\u00f3n E., P\u00e9rez N. M., Rodr\u00edguez F., Meli\u00e1n G. V., Hern\u00e1ndez P. A., Sumino H., Padilla G., Barrancos J., Dionis S., Notsu K. and Calvo D.<br \/>\nTitle: <strong>Dynamics of diffuse carbon dioxide emissions from Cumbre Vieja volcano, La Palma, Canary Islands.<\/strong><br \/>\nType of presentation: Abstract<br \/>\nConference: European Geosciences Union General Assembly 2015 (EGU 2015)<br \/>\nLocation: Vienna, Austria<\/p>\n<p>Authors: Rodr\u00edguez F., P\u00e9rez N. M., Padr\u00f3n E., Dionis S., L\u00f3pez G., Meli\u00e1n G. V., Asensio-Ramos M., Hern\u00e1ndez P. A., Padilla G., Barrancos J., Marrero R. and Hidalgo R.<br \/>\nTitle: <strong>Diffuse helium and hydrogen degassing to reveal hidden geothermal resources in oceanic volcanic islands: The Canarian archipelago case study.<\/strong><br \/>\nType of presentation: Abstract<br \/>\nConference: European Geosciences Union General Assembly 2015 (EGU 2015)<br \/>\nLocation: Vienna, Austria<\/p>\n<p>Authors: Meli\u00e1n G. V., Dionis S., Asensio-Ramos M., Padilla G., Fernandes P., P\u00e9rez N. M., Sumino H., Padr\u00f3n E., Hern\u00e1ndez P. A., Silva S., Pereira J. M., Semedo H. and Cabral J.<br \/>\nTitle: <strong>Insights from fumarole gas geochemistry on the recent volcanic unrest of Pico do Fogo, Cape Verde.<\/strong><br \/>\nType of presentation: Abstract<br \/>\nConference: European Geosciences Union General Assembly 2015 (EGU 2015)<br \/>\nLocation: Vienna, Austria<\/p>\n<p>Authors: Walter T. R., Nikkhoo M., Prats-Iraola P., De Zeeuw van Dalfsen E., Richter N., Levy J. and P\u00e9rez N. M.<br \/>\nTitle: <strong>The 2014 eruption of Fogo volcano investigated by InSAR, modelling and field observations.<\/strong><br \/>\nType of presentation: Abstract<br \/>\nConference: European Geosciences Union General Assembly 2015 (EGU 2015)<br \/>\nLocation: Vienna, Austria<\/p>\n<p>Authors: Silva S., Cardoso N., Alfama V. Cabral J., Semedo H., P\u00e9rez N. M., Dionis S., Hern\u00e1ndez P. A., Barrancos J., Meli\u00e1n G. V., Pereira J. M., Rodr\u00edguez F.<br \/>\nTitle: <strong>Chronology of the 2014 volcanic eruption on the island of Fogo, Cape Verde.<\/strong><br \/>\nType of presentation: Abstract<br \/>\nConference: European Geosciences Union General Assembly 2015 (EGU 2015)<br \/>\nLocation: Vienna, Austria<\/p>\n<p>Authors: Volk M. F., Bean C., Lokmer I., P\u00e9rez N. M. and Jes\u00fas Ib\u00e1\u00f1ez<br \/>\nTitle: <strong>Identifying apparent velocity changes in cross correlated microseism noise data.<\/strong><br \/>\nType of presentation: Abstract<br \/>\nConference: European Geosciences Union General Assembly 2015 (EGU 2015)<br \/>\nLocation: Vienna, Austria<\/p>\n<p>Authors: Hern\u00e1ndez P. A., Meli\u00e1n G. V., Dionis S., Barrancos J., Padilla G., Padr\u00f3n E., Silva S., Fernandes P., Cardoso N., P\u00e9rez N. M., Rodr\u00edguez F., Asensio-Ramos M., Calvo D., Semedo H. and Alfama V.<br \/>\nTitle: <strong>Chemical composition of volcanic gases emitted during the 2014-15 Fogo eruption, Cape Verde.<\/strong><br \/>\nType of presentation: Abstract<br \/>\nConference: European Geosciences Union General Assembly 2015 (EGU 2015)<br \/>\nLocation: Vienna, Austria<\/p>\n<h2 class=\"fusion-responsive-typography-calculated\" data-fontsize=\"15\" data-lineheight=\"45px\">Technology Area and Renewable Energy Area<\/h2>\n<p>Authors: L. Marechal, J. Fern\u00e1ndez, G. Moncho, C. Montes, M. Delgado, J. Rodr\u00edguez, M. Friend, M. Cendagorta<br \/>\nTitle: <strong>Building a PV Based Microgrid as a Smart Energy Solution for a Small-Size Touristic Village<\/strong><br \/>\nType of presentation: Poster<br \/>\nConference: 31st European Photovoltaic Solar Energy Conference and Exhibition<br \/>\nLocation: Hamburg, Germany<\/p>\n<p>Authors: M. Cendagorta, E. Friend, G. Galv\u00e1n, M. Huebra, J. Mart\u00edn, M. Torres, C. Gonz\u00e1lez, M.A. Gonz\u00e1lez, A. Jarzabek, A. Moreno, F. Mart\u00edn de la Escalera<br \/>\nTitle: <strong>PRONTAS: Remotely Piloted Solar Plane Prototype<\/strong><br \/>\nType of presentation: Poster<br \/>\nConference: 31st European Photovoltaic Solar Energy Conference and Exhibition<br \/>\nLocation: Hamburg, Germany<\/p>\n<p>Authors: J. Sachau, M. Cendagorta-Galarza L\u00f3pez, M. Ney<br \/>\nTitle: <strong>Performance of Photovoltaic Power Systems under Grid Protection Constraints<\/strong><br \/>\nType of presentation: Poster<br \/>\nConference: 31st European Photovoltaic Solar Energy Conference and Exhibition<br \/>\nLocation Hamburg, Germany<\/p>\n<p>Authors: L. Oca\u00f1a, A. Linares, E. Llarena, C. Montes, O. Gonz\u00e1lez, D. Molina, A. P\u00edo, C. Quinto, M. Friend, M. Cendagorta<br \/>\nTitle: <strong>Adaptation of a Crystalline Silicon Solar Cell Laboratory to Produce Perovskite Solar Devices<\/strong><br \/>\nType of presentation: Poster<br \/>\nConference: 31st European Photovoltaic Solar Energy Conference and Exhibition<br \/>\nLocation: Hamburg, Germany<\/p>\n<p>Authors: C. Quinto, A. Linares, E. Llarena, C. Montes, O. Gonz\u00e1lez, D. Molina, A. P\u00edo, L. Oca\u00f1a, M. Friend, M. Cendagorta<br \/>\nTitle: <strong>Screen Printing for Perovskite Solar Cells Metallization<\/strong><br \/>\nType of presentation: Poster<br \/>\nConference: 31st European Photovoltaic Solar Energy Conference and Exhibition<br \/>\nLocation: Hamburg, Germany<\/p>\n<h3>2014<\/h3>\n<h2 class=\"fusion-responsive-typography-calculated\" data-fontsize=\"15\" data-lineheight=\"45px\">Technology Area and Renewable Energy Area<\/h2>\n<p>Authors: C. Quinto, L. Oca\u00f1a, C. Montes, A. Linares, E. Llarena, B. Gonz\u00e1lez-Diaz, S. Gonz\u00e1lez-P\u00e9rez, R. Guerrero-Lemus, M. Friend, M. Cendagorta<br \/>\nTitle: <strong>Design, Start Up and Society Benefits of a PV Solar Cell Laboratory<\/strong><br \/>\nType of presentation: Poster<br \/>\nConference: 29th European Photovoltaic Solar Energy Conference and Exhibition<br \/>\nLocation: Amsterdam, Netherlands<\/p>\n<p>Authors: A. Linares, B. Gonz\u00e1lez-Diaz, J. G\u00f3mez-Gonz\u00e1lez, L. L\u00f3pez-Manzanares, C. Montes, S. Gonz\u00e1lez-P\u00e9rez, R. Guerrero-Lemus, J. Rodr\u00edguez, M. Friend, M. Cendagorta<br \/>\nTitle <strong>Electric Cars in Small Grid: A Possible Solution to Accomplish the Demand Curves in Tenerife Island<\/strong><br \/>\nType of presentation: Poster<br \/>\nConference: 29th European Photovoltaic Solar Energy Conference and Exhibition<br \/>\nLocation: Amsterdam, Netherlands<\/p>\n<p>Authors: C. Montes, A. Linares, E. Llarena, O. Gonz\u00e1lez, D. Molina, A. P\u00edo, L. Oca\u00f1a, C. Quinto, G. Moncho, M. Padr\u00f3n, J. Fern\u00e1ndez, J. Rodr\u00edguez, M. Friend, M. Cendagorta<br \/>\nTitle: <strong>Particulate Matter Monitoring for PV Installations<\/strong><br \/>\nType of presentation: Poster<br \/>\nConference: 29th European Photovoltaic Solar Energy Conference and Exhibition<br \/>\nLocation: Amsterdam, Netherlands<\/p>\n<p>Authors: B. Gonz\u00e1lez-D\u00edaz, E. Segredo-Morales, A. Linares, C. Montes, E. Llarena, F. Jarabo, S. Gonz\u00e1lez-P\u00e9rez, C. Hernandez-Rodriguez, R. Guerrero-Lemus, M. Friend, M. Cendagorta<br \/>\nTitle: <strong>Waste Treatment Generated during Silicon Based Solar Cells Production Towering a Complete LCA Processing<\/strong><br \/>\nType of presentation: Poster<br \/>\nConference: 29th European Photovoltaic Solar Energy Conference and Exhibition<br \/>\nLocation: Amsterdam, Netherlands<\/p>\n<h3>2013<\/h3>\n<h2 class=\"fusion-responsive-typography-calculated\" data-fontsize=\"15\" data-lineheight=\"45px\">Technology Area and Renewable Energy Area<\/h2>\n<p>Authors: A. Cabrera; F. Almeida; V. Blanco.<br \/>\nTitle: <strong>EML, an Energy Measurement Library<\/strong><br \/>\nType of presentation: Poster<br \/>\nConference: 31st International Symposium on Computer Performance, Modeling, Measurements and Evaluation<br \/>\nLocation: Vienna, Austria<\/p>\n<p>Authors: F. Almeida; V. Blanco; I. Gonz\u00e1lez; A. Cabrera; D. Gim\u00e9nez.<br \/>\nTitle: <strong>Analytical Energy Models for MPI Communications on a Sandy-Bridge Architecture<\/strong><br \/>\nType of presentation: Poster<br \/>\nConference: 42nd International Conference on Parallel Processing, ICPP.<br \/>\nLocation: Lyon, France<\/p>\n<p>Authors: Cabrera, A.; Almeida, F. ; Blanco, V. ; Gimenez, D.<br \/>\nTitle: <strong>Analytical Modeling of the Energy Consumption for the High Performance Linpack<\/strong><br \/>\nType of presentation: proceeding<br \/>\nConference: 21st Euromicro International Conference on Parallel, Distributed and Network\u2013based Computing, PDP 2013<br \/>\nLocation: Belfast, Irland<\/p>\n<p>Authors: C. S. Gonz\u00e1lez, P. Toledo, E. Santos, M. Padr\u00f3n, J. Sigut<br \/>\nTitle: <strong>TANGO: H: Rehabilitaci\u00f3n f\u00edsica y cognitiva de menores hospitalizados<\/strong><br \/>\nType of presentation: poster<br \/>\nConference: VII Ibero-American Congress on Assistive Technologies for Disability (IBERDISCAP 2013)<br \/>\nLocation: Santo Domingo, Dominican Republic<\/p>\n<p>Authors: M. Cendagorta, J. Rodr\u00edguez, L. L\u00f3pez-Manzanares, A. Linares &amp; M. Padr\u00f3n.<br \/>\nTitle: <strong>EURO-SOLAR Programme. Lessons learned <\/strong><br \/>\nType of presentation: Oral and poster presentation<br \/>\nConference: 3nd Symposium Small PV-Applications. Rural Electrification and Commercial Use<br \/>\nLocation: Ulm, Germany <\/p>\n<p>Authors: J. Rodr\u00edguez; M. Alonso; M. Friend<br \/>\nTitle: <strong>ITER PV projects in Senegal: Rural electrification project in Ranerou and MACSEN-PV project, for the implementation of RES for electricity supply in Tenerife and Senegal<\/strong><br \/>\nType of presentation: Oral presentacion<br \/>\nConference: ECOWAS Regional Forum on \u2018Renewable Energies in West Africa\u2019.<br \/>\nLocation: Dakar, Senegal<\/p>\n<h3>2012<\/h3>\n<h2 class=\"fusion-responsive-typography-calculated\" data-fontsize=\"15\" data-lineheight=\"45px\">Technology Area and Renewable Energy Area<\/h2>\n<p>Authors: M. Delgado D\u00edaz, R. Gonz\u00e1lez, R. Marrera Hern\u00e1ndez, A. Castellano Hern\u00e1ndez, M. L\u00f3pez Ramos, M. Iriarte Aqueche, E. L\u00f3pez Su\u00e1rez.<br \/>\nTitle: <strong>Bioclimatic Dwellings for the Island of Tenerife<\/strong><br \/>\nType of presentation: Abstract<br \/>\nConference: IFME 2012 Congress Finland. World Congress of Municipal Engineering<br \/>\nLocation: Helsinki, Finland. <\/p>\n<p>Authors: E. Llarena, C. Montes, A. Linares, D. Molina, A. P\u00edo, O. Gonz\u00e1lez, G. Moncho, M. Padr\u00f3n, J. Fern\u00e1ndez, J. Rodr\u00edguez, M. Friend, M. Cendagorta<br \/>\nTitle: <strong>A Cleanliness Monitoring System for PV Installations<\/strong><br \/>\nType of presentation: Poster<br \/>\nConference: 27th European Photovoltaic Solar Energy Conference and Exhibition<br \/>\nLocation: Frankfurt, Germany<\/p>\n<p>Authors: E. Llarena, C. Montes, A. Linares, D. Molina, A. P\u00edo, O. Gonz\u00e1lez, L. L\u00f3pez-Manzanares, J. Fern\u00e1ndez, J. Rodr\u00edguez, M. Friend, M. Cendagorta<br \/>\nTitle: <strong>A Localized Weighted Efficiency for Inverters<\/strong><br \/>\nType of presentation: Poster<br \/>\nConference: 27th European Photovoltaic Solar Energy Conference and Exhibition<br \/>\nLocation: Frankfurt, Germany<\/p>\n<p>Authors: A. Linares, J. Fern\u00e1ndez, M. Friend, E. Llarena, C. Montes, G. Moncho, N. Losada, O. Gonz\u00e1lez, D. Molina, A. P\u00edo, M. Cendagorta<br \/>\nTitle: <strong>Voltage Dips: Verification, Validation and Certification Procedure for PV Installations<\/strong><br \/>\nType of presentation: Poster<br \/>\nConference: 27th European Photovoltaic Solar Energy Conference and Exhibition<br \/>\nLocation: Frankfurt, Germany<\/p>\n<p>Authors: J. Sachau, M. Ney, M. Cendagorta, J. Fern\u00e1ndez<br \/>\nTitle: <strong>Natural Photovoltaic Droops for Grid-Stabilization<\/strong><br \/>\nType of presentation: Poster<br \/>\nConference: 27th European Photovoltaic Solar Energy Conference and Exhibition<br \/>\nLocation: Frankfurt, Germany<\/p>\n<p>Authors: A. Linares, E. Llarena, C. Montes, O. Gonz\u00e1lez, D. Molina, A. P\u00edo, L. Marechal, M. Friend, M. Cendagorta, M. Alonso, E. P\u00e9rez, M. Hern\u00e1ndez-Abad, E. L\u00f3pez, E.H. Sylla, C. Wade, I. Youm, A.T. Niang<br \/>\nTitle: <strong>MACSEN-PV Project: Platform for Technical Cooperation in the Field of the Integration of Renewable Energies in the Power Supply<\/strong><br \/>\nType of presentation: Poster<br \/>\nConference: 27th European Photovoltaic Solar Energy Conference and Exhibition<br \/>\nLocation: Frankfurt, Germany<\/p>\n<p>Authors: E. Llarena, A. Linares, C. Montes, O. Gonz\u00e1lez, D. Molina, A. P\u00edo, J. Moncho, M. Friend, J. Rodr\u00edguez, M. Cendagorta<br \/>\nTitle: <strong>Generation Control Centres: Operation and Control on Spanish Electricity System<\/strong><br \/>\nType of presentation: Poster<br \/>\nConference: 27th European Photovoltaic Solar Energy Conference and Exhibition<br \/>\nLocation: Frankfurt, Germany<\/p>\n<p>Authors: C. Montes, A. Linares, E. Llarena, O. Gonz\u00e1lez, D. Molina, A. P\u00edo, M. Friend, M. Cendagorta<br \/>\nTitle: <strong>Viability of a Specific Policy Framework for the Canary Islands, Considering the Solar Photovoltaic Energy as a Sustainable Power Source<\/strong><br \/>\nType of presentation: Poster<br \/>\nConference: 27th European Photovoltaic Solar Energy Conference and Exhibition<br \/>\nLocation: Frankfurt, Germany<\/p>\n<h3>2011<\/h3>\n<h2 class=\"fusion-responsive-typography-calculated\" data-fontsize=\"15\" data-lineheight=\"45px\">Technology Area and Renewable Energy Area<\/h2>\n<p>Authors: M. Caba\u00f1ero, D. Rutz, R. Janssen, G. Papadakis, E.S. Mohamed, G. Kyriakarakos, A.-W.S. Kassem, A. Linares, L. L\u00f3pez-Manzanares, J. Bard, B. Panahandeh, A. Outzourhit, A. El Khazen, E. Kyritsis, S. Kyritsis<br \/>\nTitle: <strong>Operational Experience of Hybrid PV\/Wind Systems in Rural Areas of Nothern Africa<\/strong><br \/>\nType of presentation: Poster<br \/>\nConference: 26th European Photovoltaic Solar Energy Conference and Exhibition<br \/>\nLocation: Hamburg, Germany<\/p>\n<p>Authors: C. Montes, B. Gonz\u00e1lez-Diaz, A. Linares, E. Llarena, O. Gonz\u00e1lez, D. Molina, A. P\u00edo, M. Friend, M. Cendagorta<br \/>\nTitle: <strong>Comparison of the Mono and Multicrystalline Performance of Multi-MW PV Grid-Connected Facilities in the Canary Islands (Spain) during Saharan Air Mass Invasion: Test Bench for Northern Africa<\/strong><br \/>\nType of presentation: Poster<br \/>\nConference: 26th European Photovoltaic Solar Energy Conference and Exhibition<br \/>\nLocation: Hamburgo, Germany<\/p>\n<p>Authors: A. P\u00edo, D. Molina, B. Gonz\u00e1lez-Diaz, A. Linares, C. Montes, E. Llarena, O. Gonz\u00e1lez, M. Friend, M. Cendagorta<br \/>\nTitle: <strong>The New Spanish Regulatory Framework and the Photovoltaic Market<\/strong><br \/>\nType of presentation: Poster<br \/>\nConference: 26th European Photovoltaic Solar Energy Conference and Exhibition<br \/>\nLocation: Hamburgo, Germany<\/p>\n<p>Authors: B. D\u00edaz-Herrera, E. Jim\u00e9nez-Rodr\u00edguez, B. Gonz\u00e1lez-Diaz, A. Montesdeoca-Santana, R. Guerrero-Lemus, C. Montes, A. Linares, E. Llarena, O. Gonz\u00e1lez, D. Molina, A. P\u00edo, M. Friend, M. Cendagorta<br \/>\nTitle: <strong>Energy Down Conversion Properties of Er3+- Yb3+ Co-Doped with Phosphorous on Oxidized Porous Silicon<\/strong><br \/>\nType of presentation: Poster<br \/>\nConference: 26th European Photovoltaic Solar Energy Conference and Exhibition<br \/>\nLocation: Hamburgo, Germany<\/p>\n<p>Authors: M. A. Gonz\u00e1lez, E. Friend, V. Lapuerta , S. Bruscoli, Christopher Field, Artur Jarzabek.<br \/>\nTitle: <strong>Experiencias de trabajo en equipo con alumnos del programa Erasmus en la Universidad Polit\u00e9cnica de Madrid<\/strong><br \/>\nType of presentation: Oral presentation<br \/>\nConference: 8th Ibero-American Symposium on Education, Cybernetics and Informatics, SIECI 2011 &#8211; Tenth Ibero-American Conference on Systems, Cybernetics and Informatics, CISCI 2011<br \/>\nLocation: Orlando, USA.<\/p>\n<p>Authors: Bravo, Javier L.; Tordesillas, Manuel J.; Padr\u00f3n, Miguel A.; Jerez, Niob\u00e9 A.; Gonz\u00e1lez, Virginia; Blanco, Alberto<br \/>\nTitle: <strong>Plataforma Accesible en el Marco de la Rehabilitaci\u00f3n F\u00edsico-Cognitiva<\/strong><br \/>\nType o f presentation: Oral presentation<br \/>\nConference: 8th Ibero-American Symposium on Education, Cybernetics and Informatics, SIECI 2011 &#8211; Tenth Ibero-American Conference on Systems, Cybernetics and Informatics, CISCI 2011<br \/>\nLocation: Orlando, USA.<\/p>\n<p>Authors: Lecuona, Carlos; Jerez, Niob\u00e9 A.; Padr\u00f3n, Miguel A.; Gonz\u00e1lez, Virginia<br \/>\nTitle: <strong>Design and Implementation of a Prototype Communicator for Mobile Devices Oriented to People with Functional Diversity<br \/>\n<\/strong>Type of presentation: Oral presentation<br \/>\nConference: 8th Ibero-American Symposium on Education, Cybernetics and Informatics, SIECI 2011 &#8211; Tenth Ibero-American Conference on Systems, Cybernetics and Informatics, CISCI 2011<br \/>\nLocation: Orlando, USA.<\/p>\n<h3>2010<\/h3>\n<h2 class=\"fusion-responsive-typography-calculated\" data-fontsize=\"15\" data-lineheight=\"45px\">Technology Area and Renewable Energy Area<\/h2>\n<p>Authors: A. Linares, L. L\u00f3pez-Manzanares, M. Cendagorta, M. Friend, A. El Khazen, R. Janssen, D. Rutz<br \/>\nTitle: <strong>Hybrid Re System: Minigrid Set-Up, First Results and Lessons Learned<\/strong><br \/>\nType of presentation: Poster<br \/>\nConference: 25th European Photovoltaic Solar Energy Conference and Exhibition \/ 5th World Conference on Photovoltaic Energy Conversion<br \/>\nLocation: Valencia, Spain<\/p>\n<p>Authors: C. Montes, B. Gonz\u00e1lez-Diaz, A. Linares, E. Llarena, O. Gonz\u00e1lez, D. Molina, A. P\u00edo, M. Friend, M. Cendagorta, J.P. D\u00edaz, F.J. Exp\u00f3sito<br \/>\nTitle: <strong>Effects of the Saharan Dust Hazes in the Performance of Multi-MW PV Grid-Connected Facilities in the Canary Islands (Spain)<\/strong><br \/>\nType of presentation: Poster<br \/>\nConference: 25th European Photovoltaic Solar Energy Conference and Exhibition \/ 5th World Conference on Photovoltaic Energy Conversion<br \/>\nLocation: Valencia, Spain<\/p>\n<p>Authors: M. Friend, A. Linares, E. Llarena, C. Montes, B. Gonz\u00e1lez-Diaz, O. Gonz\u00e1lez, D. Molina, A. P\u00edo, M. Cendagorta<br \/>\nTitle: E<strong>volution of the Spanish Photovoltaic Market with the Regulatory<\/strong><br \/>\nType of presentation: Poster<br \/>\nConference: 25th European Photovoltaic Solar Energy Conference and Exhibition \/ 5th World Conference on Photovoltaic Energy Conversion<br \/>\nLocation: Valencia, Spain<\/p>\n<p>Authors: A. Linares, E. Llarena, C. Montes, B. Gonz\u00e1lez-Diaz, O. Gonz\u00e1lez, D. Molina, A. P\u00edo, M. Friend, M. Cendagorta<br \/>\nTitle: <strong>Advantages, Disadvantages and Impact of Legislative Changes in Spain in the Field of Solar Photovoltaic<\/strong><br \/>\nType of presentation: Poster<br \/>\nConference: 25th European Photovoltaic Solar Energy Conference and Exhibition \/ 5th World Conference on Photovoltaic Energy Conversion<br \/>\nLocation: Valencia, Spain<\/p>\n<p>Authors: A M. Caba\u00f1ero, D. Rutz, R. Janssen, G. Papadakis, E.S. Mohamed, G. Kyriakarakos, A.-W.S. Kassem, A. Linares, L. L\u00f3pez-Manzanares, J. Bard, B. Panahandeh, A. Outzourhit, A. El Khazen, E. Kyritsis, S. Kyritsis<br \/>\nTitle: <strong>Challenges on the Pathway to Introduce Hybrid Renewable Mini-Grids in Rural Villages in Northern Africa<\/strong><br \/>\nType of presentation: Oral presentation<br \/>\nConference: 25th European Photovoltaic Solar Energy Conference and Exhibition \/ 5th World Conference on Photovoltaic Energy Conversion<br \/>\nLocation: Valencia, Spain<\/p>\n<p>Authors: E. Jim\u00e9nez-Rodr\u00edguez, V.M. S\u00e1nchez-Fajardo, B. Gonz\u00e1lez-Diaz, A. Montesdeoca-Santana, B. D\u00edaz-Herrera, M.E. Torres, R. Guerrero-Lemus, D. Borchert, A. Linares, E. Llarena, C. Montes, O. Gonz\u00e1lez, A. P\u00edo, D. Molina, M. Friend, M. Cendagorta<br \/>\nTitle: <strong>Evaluation of the Chemical and Thermal Passivation of Silicon to Produce Solar Cells<\/strong><br \/>\nType of presentation: Poster<br \/>\nConference: 25th European Photovoltaic Solar Energy Conference and Exhibition \/ 5th World Conference on Photovoltaic Energy Conversion<br \/>\nLocation: Valencia, Spain<\/p>\n<p>Authors: L. L\u00f3pez-Manzanares, J. Rodr\u00edguez, A. Linares, M. Cendagorta<br \/>\nTitle: <strong>Euro-Solar Programme: Renewable Energy for Development<\/strong><br \/>\nType of presentation: Oral and poster presentation<br \/>\nConference: 25th European Photovoltaic Solar Energy Conference and Exhibition \/ 5th World Conference on Photovoltaic Energy Conversion<br \/>\nLocation: Valencia, Spain<\/p>\n<p>Authors: M. Cendagorta, M. Friend, A. Linares, L. L\u00f3pez\u2010Manzanares, J. Rodr\u00edguez, ITER, S.A. A. El Khazen, Agence Nationale pour la Ma\u00eetrise de l\u2019Energie.<br \/>\nTitle: <strong>Hyress Project: Study case of Tunisia. Installation, set\u2010up and first results <\/strong><br \/>\nType of presentation: Oral presentation<br \/>\nConference: 5th European PV-Hybrid and Mini-Grid Conference<br \/>\nLocation: Tarragona, Spain<\/p>\n<p>Authors: M. Cendagorta, J. Rodr\u00edguez, L. L\u00f3pez-Manzanares &amp; A. Linares<br \/>\nTitle: <strong>Provisional acceptance of installations and online data submission of PV &amp; Hybrid kits in remote areas of Latin\u2010America under the EC\u2019s EURO\u2010SOLAR Programme<\/strong><br \/>\nType of presentation: Oral presentation<br \/>\nConference: 5th European PV-Hybrid and Mini-Grid Conference<br \/>\nLocation: Tarragona, Spain<\/p>\n<p>Authors: A. Linares, M. Alonso, L. O. L\u00f3pez-Manzanares, E. P\u00e9rez<br \/>\nTitle: <strong>EURO-SOLAR Programme. Renewable Energy Kits to Combat Poverty <\/strong><br \/>\nType of presentation: Oral<br \/>\nConference: Canary Islands Conference 2010-2030. Sustainability Scenarios<br \/>\nLocation: Tenerife, Spain <\/p>\n<p>Authors: A M. Alonso, J. Rodr\u00edguez, ITER. M. Torralbo, Cabildo de Tenerife.<br \/>\nTitle: <strong>Proyecto Piloto de Electrificaci\u00f3n Rural en Senegal<\/strong><br \/>\nType of presentation: Oral<br \/>\nConference: International Conference \u2018Climate Change and Development Cooperation: innovative regional and local solutions for mitigation and adaptation\u2019.<br \/>\nLocation: Huelva, Spain <\/p>\n<h3>2009<\/h3>\n<h2 class=\"fusion-responsive-typography-calculated\" data-fontsize=\"15\" data-lineheight=\"45px\">Technology Area and Renewable Energy Area<\/h2>\n<p>Authors: A. Linares, E. Llarena, C. Montes, M. Friend, M. Cendagorta<br \/>\nTitle: <strong>Lessons Learned while Installing Multi-MW PV Grid-Connected Facilities in Canary Islands<\/strong><br \/>\nType of presentation: Oral<br \/>\nConference: 24th European Photovoltaic Solar Energy Conference<br \/>\nLocation: Hamburg, Germany<\/p>\n<p>Authors: A. Linares, E. Llarena, C. Montes, B. Gonz\u00e1lez-Diaz, M. Friend, M. Cendagorta<br \/>\nTitle: <strong>Three Years Operating 24 MW PV Grid-Connected Facilities in Tenerife<\/strong><br \/>\nType of presentation: Poster<br \/>\nConference: 24th European Photovoltaic Solar Energy Conference<br \/>\nLocation: Hamburg, Germany<\/p>\n<p>Authors: A. Linares, E. Llarena, C. Montes, B. Gonz\u00e1lez-Diaz, M. Friend, M. Cendagorta M. Cendagorta, M. Friend, L. L\u00f3pez-Manzanares, A. Linares, ITER, S.A.<br \/>\nA. El Khazen, National Agency for Energy Conservation, ANME<br \/>\nTitle: <strong>Installation of a Hybrid System at Ksar Ghil\u00e9ne, Tunisia<\/strong><br \/>\nType of presentation: Poster<br \/>\nConference: 24th European Photovoltaic Solar Energy Conference<br \/>\nLocation: Hamburg, Germany<\/p>\n<p>Authors: M. Cendagorta, E. Friend, J. Rodr\u00edguez, J. Fern\u00e1ndez, J.E. Mart\u00edn, M. Gonz\u00e1lez Hern\u00e1ndez<br \/>\nTitle: <strong>Development of a Solar Plane Prototype<\/strong><br \/>\nType of presentation: Poster<br \/>\nConference: 24th European Photovoltaic Solar Energy Conference<br \/>\nLocation: Hamburg, Germany<\/p>\n<p>Authors: M. Cendagorta, J. Rodr\u00edguez, L. L\u00f3pez-Manzanares<br \/>\nTitle: <strong>Euro-Solar Programme. Renewable Energy kits to fight poverty <\/strong><br \/>\nType of presentation: Oral<br \/>\nConference: 24th European Photovoltaic Solar Energy Conference<br \/>\nLocation: Hamburg, Germany<\/p>\n<p>Authors: M. Cendagorta, J. Rodr\u00edguez, L. L\u00f3pez-Manzanares<br \/>\nTitle: <strong>Euro-Solar Programme. Renewable Energy kits to fight poverty <\/strong><br \/>\nType of presentation: Oral presentation and poster<br \/>\nConference: Symposium Small PV-Application. Rural Electrification and Commercial Use<br \/>\nLocation: Ulm, Germany <\/p>\n<p>Authors: M. Cendagorta, M. Friend, A. Linares, L. L\u00f3pez-Manzanares (ITER, S.A.)<br \/>\nA. El Khazen (Agence Nationale pour la Ma\u00eetrise de l\u2019Energie)<br \/>\nTitle: <strong>Hyress Project. Study case of Ksar Ghil\u00e8ne, Tunisia <\/strong><br \/>\nType of presentation: Oral presentation and poster<br \/>\nConference: Symposium Small PV-Application. Rural Electrification and Commercial Use<br \/>\nLocation: Ulm, Germany <\/p>\n<h3>2008<\/h3>\n<h2 class=\"fusion-responsive-typography-calculated\" data-fontsize=\"15\" data-lineheight=\"45px\">Technology Area and Renewable Energy Area<\/h2>\n<p>Authors: G. Galv\u00e1n<br \/>\nTitle: <strong>Renewable Energies: primary energy savings<\/strong><br \/>\nType of presentation: Presentation<br \/>\nConference: Regional Conference \u201cRenewable Islands, New Markets for the Future\u201d.<br \/>Location: Tenerife, Spain <\/p>\n<p>Authors: M. Cendagorta, M. Friend, A. Linares, C. Montes, E. Llarena, R. Gonz\u00e1lez, M. Delgado.<br \/>\nTitle: <strong>Integration of Solar Photovoltaics in 25 Bioclimatic Dwellings in Tenerife<\/strong><br \/>\nType of presentation: Poster<br \/>\nConference: 23rd European Photovoltaic Solar Energy Conference and Exhibition<br \/>\nLocation: Valencia, Spain<\/p>\n<p>Authors: M. Cendagorta, M. Friend, L. L\u00f3pez-Manzanares, A. Linares, ITER S.A. A. El Khazen, Agence Nationale pour la Ma\u00eetrise de l\u2019Energie.<br \/>\nTitle:<strong> Hyress Project. Study Case of Ksar Ghilene, Tunisia <\/strong><br \/>\nType of presentation: Poster<br \/>\nConference: 23rd European Photovoltaic Solar Energy Conference and Exhibition<br \/>\nLocation: Valencia, Spain<\/p>\n<p>Authors: M. Cendagorta, C. Montes, A. Linares, E. Llarena, P. Gonzalez, E. Friend, M. Friend<br \/>\nTitle: <strong>Bottlenecks in the Canary Island Multi-MW PV Development<\/strong><br \/>\nType of presentation: Oral presentation and poster<br \/>\nConference: 23rd European Photovoltaic Solar Energy Conference and Exhibition<br \/>\nLocation: Valencia, Spain<\/p>\n<p>Authors: G. Papadakis, E.S. Mohamed, G. Kyriakarakos, Agricultural University of Athens. A.-W.S. Kassem, Alexandria University. A. Linares, L. Ovidio, ITER S.A.<br \/>\nJ. Bard, ISET. A. Outzourhit, University Cadi Ayyad. A. El Khazen, National Agency for Energy Conservation, ANME. R. Janssen, WIP Renewable Energies. E. Kyritsis, S. Kyritsis, Clean Power L. P. Limited.<br \/>\nTitle:     <strong>Hybrid Renewable Energy Systems for the Supply of Services in Rural Settlements of Mediterranean Partner Countries. The HYRESS Project <\/strong><br \/>\nType of presentation: Oral presentation<br \/>\nConference: 23rd European Photovoltaic Solar Energy Conference and Exhibition<br \/>\nLocation: Valencia, Spain<\/p>\n<p>Authors: B. Gonz\u00e1lez-Diaz, B. D\u00edaz-Herrera, M. Friend, M. Cendagorta, ITER, S.A.<br \/>\nR. Guerrero-Lemus, J. M\u00e9ndez-Ramos, V.D. Rodriguez, ULL.<br \/>\nTitle:<strong> Photoluminescence and Morphology of Stain Etched Silicon Nanostructures during Chemical Oxidation and Applied to Silicon-Based Solar Cells<\/strong><br \/>\nType of presentation: Poster<br \/>\nConference: 23rd European Photovoltaic Solar Energy Conference and Exhibition<br \/>\nLocation: Valencia, Spain<\/p>\n<p>Authors: B. D\u00edaz-Herrera, B. Gonz\u00e1lez-Diaz, M. Friend &amp; M. Cendagorta, ITER S.A.<br \/>\nR. Guerrero-Lemus, C. Hernandez-Rodriguez, J. M\u00e9ndez-Ramos, V.D.<br \/>\nTitle: <strong>Improvement of Solar Cell Efficiency by Erbium Doping Methods<\/strong><br \/>\nType of presentation: Poster<br \/>\nConference: 23rd European Photovoltaic Solar Energy Conference and Exhibition<br \/>\nLocation: Valencia, Spain<\/p>\n<p>Authors: G. Galv\u00e1n<br \/>\nTitle: <strong>Renewable Energy. Primary Energy Saving <\/strong><br \/>\nType of presentation: Oral presentation<br \/>\nConference: 1st Canary Islands Conference on Sustainable Cities and Towns<br \/>\nLocation: Santa \u00darsula, Spain<\/p>\n<p>Authors: N. M. P\u00e9rez, P. A. Hern\u00e1ndez<br \/>\nTitle: <strong>Reducing volcanic risk: a further commitment to sustainable development in the Canaries<br \/>\n<\/strong>Type of presentation: Oral presentation<br \/>\nConference: 1st Canary Islands Conference on Sustainable Cities and Towns<br \/>\nLocation: Santa \u00darsula, Spain<\/p>\n<p>Authors: M. Friend<br \/>\nTitle: <strong>SOLTEN Photovoltaic Platform<br \/>\n<\/strong>Type of presentation: Poster<br \/>\nConference: 1st Canary Islands Conference on Sustainable Cities and Towns<br \/>\nLocation: Santa \u00darsula, Spain<\/p>\n<p>Authors: Quattri M. ; Haase R. ; Barreto Cabrera M.; Friend Monasterio E.; Codina R.; Gonz\u00e1lez Hern\u00e1ndez M.; Reyes M.<br \/>\nTitle: <strong>Wind turbulence structure inside telescopes enclosures<\/strong><br \/>\nConference: Modeling, systems engineering, and project management for astronomy III.<br \/>\nType of presentation: Oral presentation.<br \/>Location: Marsella, France. <\/p>\n<h3>2007<\/h3>\n<h2 class=\"fusion-responsive-typography-calculated\" data-fontsize=\"15\" data-lineheight=\"45px\">Technology Area and Renewable Energy Area<\/h2>\n<p>Authors: C. Montes, E. Llarena, A. Linares, M. Friend &amp; M. Cendagorta<br \/>\nTitle: <strong>Installation, Set-up and First Results of the 20 MW Grid-connected PV Solar Project in Tenerife<\/strong><br \/>\nType of presentation: Oral presentation<br \/>\nConference: 22nd European Photovoltaic Solar Energy Conference and Exhibition<br \/>\nLocation: Mil\u00e1n, Italy<\/p>\n<h3>2006<\/h3>\n<h2 class=\"fusion-responsive-typography-calculated\" data-fontsize=\"15\" data-lineheight=\"45px\">Technology Area and Renewable Energy Area<\/h2>\n<p>Authors: C. Montes, A. Linares, E.Llarena, S.Salata, M. Delgado, M. Friend &amp; M. Cendagorta<br \/>\nTitle: <strong>The 15 MW PV Solar Project in Tenerife \u2013 Practical Issues in the context of the Spanish feed-in law whilst realising the Multi-MW plant<\/strong><br \/>\nType of presentation: Oral presentation<br \/>\nConference: 21st European Photovoltaic Solar Energy Conference and Exhibition<br \/>\nLocation: Dresden, Germany<\/p>\n<p>Authors: E. P\u00e9rez, M. Alonso, M. Friend, M. Hern\u00e1ndez-Abad, M. Delgado, R. Marrero, J.I. Fern\u00e1ndez<br \/>\nTitle: <strong>Equipamientos educativos-divulgativos del Instituto Tecnol\u00f3gico y de Energ\u00edas Renovables<\/strong><br \/>\nType of presentation: Oral presentation<br \/>\nConference: Conference on Energy and Environmental Education.<br \/>\nLocation: Murcia, Spain<\/p>\n<p>Authors: M. Alonso, I. Carballo, A. Linares, E. P\u00e9rez<br \/>\nTitle: <strong>Hydrogen Economy Outreach Programme<br \/>\n<\/strong>Type of presentation: Oral presentarion<br \/>\nConference: Conference on Energy and Environmental Education.<br \/>\nPublication: Proceedings<br \/>\nLocation: Murcia, Spain<\/p>\n<h3>2005<\/h3>\n<h2 class=\"fusion-responsive-typography-calculated\" data-fontsize=\"15\" data-lineheight=\"45px\">Technology Area and Renewable Energy Area<\/h2>\n<p>Authors: P. La Roche, I. Oteiza, F. Mustieles, M. Delgado<br \/>\nTitle: <strong>\u201cTo Inhabit the Device\u201d Assessment of a Sustainable Dwelling in Tenerife<\/strong><br \/>\nType of presentation: Abstract<br \/>\nConference: 2005 World Sustainable Building Conference<br \/>\nLocation: Tokio, Japan<\/p>\n<h3>2003<\/h3>\n<h2 class=\"fusion-responsive-typography-calculated\" data-fontsize=\"15\" data-lineheight=\"45px\">Technology Area and Renewable Energy Area<\/h2>\n<p>Authors: G. Galv\u00e1n<br \/>\nTitle: <strong>Sustainable Hotels: Bioclimatism, a new dimension for the hotel sector in UNESCO Biosphere Reserves<\/strong><br \/>\nType of presentation: Presentation<br \/>\nConference: First Island Conference on Innovation and Sustainable Development<br \/>\nLocation: La Palma, Spain<\/p>\n<h3>2001<\/h3>\n<h2 class=\"fusion-responsive-typography-calculated\" data-fontsize=\"15\" data-lineheight=\"45px\">Technology Area and Renewable Energy Area<\/h2>\n<p>Authors: G. Sala, R. Kern, W. Zaaiman, W. Warta, M.Cendagorta, M.P. Friend et al.<br \/>\nTitle: <strong>The C-Rating Project: A European Initiative for normalisation and rating of PV concentrating systems<\/strong><br \/>\nType of presentation: Poster<br \/>\nConference: 17th European Photovoltaic Solar Energy Conference<br \/>\nLocation: Munich, Germany<\/p>\n<p>Authors: F. Dob\u00f3n, M.Cendagorta, M.P. Friend, F.P\u00e9rez, P.Valera et al.<br \/>\nTitle: <strong>Universal Two Axis Tracker for Testing of Photovoltaic Concentration Systems<\/strong><br \/>\nType of presentation: Poster<br \/>\nConference: 17th European Photovoltaic Solar Energy Conference<br \/>\nLocation: Munich, Germany<\/p>\n<p>Authors: G. Sala, E. Mera, M.Cendagorta, M.P. Friend et al.<br \/>\nTitle: <strong>The EUCLIDES-THERMIE Concentrator Power Plant in Continuous Operation<\/strong><br \/>\nType of presentation: Oral presentation<br \/>\nConference: 17th European Photovoltaic Solar Energy Conference<br \/>\nLocation: Munich, Germany<\/p>\n<p>Authors: G. Galv\u00e1n<br \/>\nTitle: <strong>Bioclimatic Construction in the Canary Islands<\/strong><br \/>\nType of presentation: Presentation<br \/>\nConference: Canagua 2001 Congress<br \/>\nLocation: Gran Canaria, Spain<\/p>\n<h3>2000<\/h3>\n<h2 class=\"fusion-responsive-typography-calculated\" data-fontsize=\"15\" data-lineheight=\"45px\">Technology Area and Renewable Energy Area<\/h2>\n<p>Authors: M.Cendagorta, M.P. Friend, F.P\u00e9rez, P.Valera et al<br \/>\nTitle: <strong>Interconnection of Heterogeneous Control and Monitoring Devices at the EUCLIDES Solar Photovoltaic Concentration Plant in Tenerife<\/strong><br \/>\nType of presentation: Poster<br \/>\nConference: 16th European Photovoltaic Solar Energy Conference<br \/>\nLocation: Glasgow, Scotland<\/p>\n<p>Authors: F. Dob\u00f3n, M.Cendagorta, M.P. Friend, F.P\u00e9rez, P.Valera et al<br \/>\nTitle: <strong>Stationary Battery Control for Photovoltaic Applications<\/strong><br \/>\nType of presentation: Poster<br \/>\nConference: 16th European Photovoltaic Solar Energy Conference<br \/>\nLocation: Glasgow, Scotland<\/p>\n<p>Authors: G. Sala, E. Mera, M. Cendagorta, M.P. Friend et al.<br \/>\nTitle <strong>The 480 kWp EUCLIDES-THERMIE Power Plant: Installation, Set-up and First results<\/strong><br \/>\nType of presentation: Oral presentation<br \/>\nConference: 16th European Photovoltaic Solar Energy Conference<br \/>\nLocation: Glasgow, Scotland<\/p>\n<p>Authors: G. Galv\u00e1n<br \/>\nTitle: <strong>Bioclimatic Construction and Tourism. Possibilities and Case Studies <\/strong><br \/>\nType of presentation: Presentation<br \/>\nConference: International Conference Sustainable Hotels for Sustainable Destinations<br \/>\nLocation: Gran Canaria, Spain<\/p>\n<h3>1999<\/h3>\n<h2 class=\"fusion-responsive-typography-calculated\" data-fontsize=\"15\" data-lineheight=\"45px\">Technology Area and Renewable Energy Area<\/h2>\n<p>Authors: G. Galv\u00e1n.<br \/>\nTitle: <strong> 25 Bioclimatic Dwellings<\/strong><br \/>\nType of presentation: Presentation<br \/>\nConference: Island Solar Summit<br \/>\nLocation: Tenerife, Spain<\/p>\n<h3>1998<\/h3>\n<h2 class=\"fusion-responsive-typography-calculated\" data-fontsize=\"15\" data-lineheight=\"45px\">Technology Area and Renewable Energy Area<\/h2>\n<p>Authors: M.Cendagorta, M.P. Friend, F.P\u00e9rez, P.Valera et al.<br \/>\nTitle: <strong>480 kWp Concentrator Power Plant Using the EUCLIDES Parabolic Trough Technology<\/strong><br \/>\nType of presentation: Poster<br \/>\nConference: 2nd World Conference and Exhibition on Photovoltaic Solar Energy Conversion<br \/>\nLocation: Vienna, Austria<\/p>\n<p>Authors: M.Cendagorta, M.P. Friend, F.P\u00e9rez, P.Valera et al<br \/>\nTitle: <strong>MPP Controlling with a Differential Algorithm<\/strong><br \/>\nType of presentation: Poster<br \/>\nConference: 2nd World Conference and Exhibition on Photovoltaic Solar Energy Conversion<br \/>\nLocation: Viena, Austria<\/p>\n<h3>1995<\/h3>\n<h2 class=\"fusion-responsive-typography-calculated\" data-fontsize=\"15\" data-lineheight=\"45px\">Technology Area and Renewable Energy Area<\/h2>\n<p>Authors: M. Cendagorta, G. Galv\u00e1n.<br \/>\nTitle: <strong>Tourism and Renewable Energies in Islands<\/strong><br \/>\nType of presentation: Presentation<br \/>\nConference: World Conference on Sustainable Tourism<br \/>\nLocation: Lanzarote, Spain<\/p>\n<\/div>\n<\/div>\n<\/div>\n<\/div>\n<\/div>\n<\/div>\n<\/div>\n<\/div>\n<\/div>\n<\/article>\n<\/section>\n<\/div>\n","protected":false},"excerpt":{"rendered":"<p>2024 Renewable Energy Area 41st European Photovoltaic Solar Energy Conference and Exhibition, EU PVSEC 2024 \u00b7 Vienna (Austria) \u00b7 23-27 September 2024 Oca\u00f1a, L; Montes, C; Gonz\u00e1lez-D\u00edaz, B; Gonz\u00e1lez-P\u00e9rez, S; Llarena, E. Micro Inverted Pyramid Formation in Titanium Dioxide Layer by Pulsed Laser Irradation to Improve Electron Transport in MAPBI3-based Photovoltaic Devices; EU PVSEC 2024;<\/p>\n","protected":false},"author":1,"featured_media":41278,"comment_status":"open","ping_status":"open","sticky":false,"template":"","format":"standard","meta":{"footnotes":""},"categories":[],"tags":[],"class_list":["post-38930","post","type-post","status-publish","format-standard","has-post-thumbnail"],"_links":{"self":[{"href":"https:\/\/www.iter.es\/en\/wp-json\/wp\/v2\/posts\/38930","targetHints":{"allow":["GET"]}}],"collection":[{"href":"https:\/\/www.iter.es\/en\/wp-json\/wp\/v2\/posts"}],"about":[{"href":"https:\/\/www.iter.es\/en\/wp-json\/wp\/v2\/types\/post"}],"author":[{"embeddable":true,"href":"https:\/\/www.iter.es\/en\/wp-json\/wp\/v2\/users\/1"}],"replies":[{"embeddable":true,"href":"https:\/\/www.iter.es\/en\/wp-json\/wp\/v2\/comments?post=38930"}],"version-history":[{"count":0,"href":"https:\/\/www.iter.es\/en\/wp-json\/wp\/v2\/posts\/38930\/revisions"}],"wp:featuredmedia":[{"embeddable":true,"href":"https:\/\/www.iter.es\/en\/wp-json\/wp\/v2\/media\/41278"}],"wp:attachment":[{"href":"https:\/\/www.iter.es\/en\/wp-json\/wp\/v2\/media?parent=38930"}],"wp:term":[{"taxonomy":"category","embeddable":true,"href":"https:\/\/www.iter.es\/en\/wp-json\/wp\/v2\/categories?post=38930"},{"taxonomy":"post_tag","embeddable":true,"href":"https:\/\/www.iter.es\/en\/wp-json\/wp\/v2\/tags?post=38930"}],"curies":[{"name":"wp","href":"https:\/\/api.w.org\/{rel}","templated":true}]}}